{"id":9430,"date":"2020-03-03T08:58:11","date_gmt":"2020-03-03T14:58:11","guid":{"rendered":"http:\/\/www.zonaroja.com.mx\/?p=9430"},"modified":"2020-03-03T06:59:28","modified_gmt":"2020-03-03T12:59:28","slug":"oaxaca-es-sede-de-la-fase-regional-de-competencia-nacional-de-litigacion-oral","status":"publish","type":"post","link":"https:\/\/zonaroja.com.mx\/?p=9430","title":{"rendered":"Oaxaca es sede de la fase regional de Competencia Nacional de Litigaci\u00f3n Oral"},"content":{"rendered":"\n<p>Redacci\u00f3n\/Zona Roja.<\/p>\n\n\n\n<p>Oaxaca de Ju\u00e1rez, Oax., 3 de marzo de\n2020.- Destacadas juezas y jueces del Poder Judicial del Estado que fungen como\noperadores especializados en el sistema penal acusatorio, participaron como\nevaluadores y retroalimentadores en la cuarta fase regional de la S\u00e9ptima\nCompetencia Nacional de Litigaci\u00f3n Oral, impulsada por la Iniciativa para el\nEstado de Derecho de la Barra Mexicana Americana de Abogados \u2013 ABA ROLI M\u00e9xico,\nel pasado fin de semana.<\/p>\n\n\n\n<p>Al acto de apertura, asisti\u00f3 el presidente\ndel Tribunal Superior de Justicia y del Consejo de la Judicatura, magistrado\nEduardo Pinacho S\u00e1nchez, quien reconoci\u00f3 que la capacitaci\u00f3n es una necesidad\ninsoslayable en los sistemas de justicia.<\/p>\n\n\n\n<p>Por esa raz\u00f3n, celebr\u00f3 que Oaxaca\n\u2013considerado como un estado pionero en los juicios orales-, cuente con\noperadores que por su profesionalismo y experiencia, hayan abierto camino en\notras latitudes.<\/p>\n\n\n\n<p>Destac\u00f3 la importancia de este tipo de\ncompetencias, como un escenario id\u00f3neo para incentivar la formaci\u00f3n de buenas\npr\u00e1cticas, habilidades y destrezas en las pr\u00f3ximas generaciones de jueces,\ndefensores y agentes del ministerio p\u00fablico.<\/p>\n\n\n\n<p>\u201cEn estos nuevos sistemas procesales de\ncar\u00e1cter oral, cuya metodolog\u00eda son las audiencias, es importante disponer de\noperadores jur\u00eddicos s\u00f3lidos y fuertes t\u00e9cnicamente\u201d, dijo, al reconocer el empe\u00f1o\nde las y los estudiantes de Oaxaca, Tlaxcala, Veracruz, Quer\u00e9taro y Ciudad de\nM\u00e9xico que participaron en el encuentro.<\/p>\n\n\n\n<p>Las y los representantes del \u00f3rgano de\nimpartici\u00f3n de justicia, quienes cuentan con una amplia experiencia profesional\ny acad\u00e9mica en el estado, atestiguaron diversas simulaciones de audiencia,\ndonde 16 equipos de estudiantes pusieron en pr\u00e1ctica sus conocimientos,\nt\u00e9cnicas de litigaci\u00f3n oral penal, conocimiento previo de los casos\nencomendados, as\u00ed como las formas de conducirse, como parte de los aspectos a\nevaluar.<\/p>\n\n\n\n<p>En la eliminatoria regional,\nparticiparon juzgadores adscritos al Tribunal de Enjuiciamiento de Valles\nCentrales, Juzgado de control especializado en justicia para adolescentes,\nJuzgado de control de Valles Centrales, Tribunal de Enjuiciamiento Itinerante y\nla Visitadur\u00eda General del Consejo de la Judicatura, as\u00ed como agentes del\nministerio p\u00fablico y defensores de las instituciones de procuraci\u00f3n e\nimpartici\u00f3n de justicia<\/p>\n","protected":false},"excerpt":{"rendered":"<p>Redacci\u00f3n\/Zona Roja. Oaxaca de Ju\u00e1rez, Oax., 3 de marzo de 2020.- Destacadas juezas y jueces&hellip;<\/p>\n","protected":false},"author":2,"featured_media":9431,"comment_status":"closed","ping_status":"open","sticky":false,"template":"","format":"standard","meta":{"_lmt_disableupdate":"","_lmt_disable":"","_jetpack_memberships_contains_paid_content":false,"footnotes":""},"categories":[109,46],"tags":[1369],"class_list":["post-9430","post","type-post","status-publish","format-standard","has-post-thumbnail","hentry","category-minuto-a-minuto","category-zona-blanca","tag-tribunal-superior-de-justicia-de-oaxacatsejo"],"jetpack_featured_media_url":"https:\/\/zonaroja.com.mx\/wp-content\/uploads\/2020\/03\/Inauguraci\u00f3n-Litigaci\u00f3n-Oral-8.jpeg","jetpack_sharing_enabled":true,"_links":{"self":[{"href":"https:\/\/zonaroja.com.mx\/index.php?rest_route=\/wp\/v2\/posts\/9430","targetHints":{"allow":["GET"]}}],"collection":[{"href":"https:\/\/zonaroja.com.mx\/index.php?rest_route=\/wp\/v2\/posts"}],"about":[{"href":"https:\/\/zonaroja.com.mx\/index.php?rest_route=\/wp\/v2\/types\/post"}],"author":[{"embeddable":true,"href":"https:\/\/zonaroja.com.mx\/index.php?rest_route=\/wp\/v2\/users\/2"}],"replies":[{"embeddable":true,"href":"https:\/\/zonaroja.com.mx\/index.php?rest_route=%2Fwp%2Fv2%2Fcomments&post=9430"}],"version-history":[{"count":1,"href":"https:\/\/zonaroja.com.mx\/index.php?rest_route=\/wp\/v2\/posts\/9430\/revisions"}],"predecessor-version":[{"id":9432,"href":"https:\/\/zonaroja.com.mx\/index.php?rest_route=\/wp\/v2\/posts\/9430\/revisions\/9432"}],"wp:featuredmedia":[{"embeddable":true,"href":"https:\/\/zonaroja.com.mx\/index.php?rest_route=\/wp\/v2\/media\/9431"}],"wp:attachment":[{"href":"https:\/\/zonaroja.com.mx\/index.php?rest_route=%2Fwp%2Fv2%2Fmedia&parent=9430"}],"wp:term":[{"taxonomy":"category","embeddable":true,"href":"https:\/\/zonaroja.com.mx\/index.php?rest_route=%2Fwp%2Fv2%2Fcategories&post=9430"},{"taxonomy":"post_tag","embeddable":true,"href":"https:\/\/zonaroja.com.mx\/index.php?rest_route=%2Fwp%2Fv2%2Ftags&post=9430"}],"curies":[{"name":"wp","href":"https:\/\/api.w.org\/{rel}","templated":true}]}}