{"id":9434,"date":"2020-03-03T07:42:33","date_gmt":"2020-03-03T13:42:33","guid":{"rendered":"http:\/\/www.zonaroja.com.mx\/?p=9434"},"modified":"2020-03-03T07:42:37","modified_gmt":"2020-03-03T13:42:37","slug":"ejecutan-a-empresario-en-comunidad-turistica-de-san-jose-del-pacifico","status":"publish","type":"post","link":"https:\/\/zonaroja.com.mx\/?p=9434","title":{"rendered":"Ejecutan a empresario en comunidad tur\u00edstica de San Jos\u00e9 del Pac\u00edfico"},"content":{"rendered":"\n<p>Redacci\u00f3n\/Zona Roja.<\/p>\n\n\n\n<p>Oaxaca de Ju\u00e1rez, Oax., 3 de marzo de\n2020.- El due\u00f1o de un restaurante fue asesinado anoche en San Jos\u00e9 del\nPac\u00edfico, comunidad tur\u00edstica del municipio de San Mateo R\u00edo Hondo, en la\nregi\u00f3n Sierra Sur de Oaxaca.<\/p>\n\n\n\n<p>Sujetos armados ingresaron al\nestablecimiento \u201cLuz de luna\u201d, uno de los m\u00e1s concurridos de la zona, ubicado a\nun costado de la carretera federal 175, Oaxaca-Puerto \u00c1ngel, y dispararon en\ncontra de dos personas.<\/p>\n\n\n\n<p>En el lugar perdi\u00f3 la vida el due\u00f1o del\nrestaurante, identificado de manera preliminar como V\u00edctor Manuel, y otra m\u00e1s\nresult\u00f3 lesionada y trasladada a un hospital.<\/p>\n\n\n\n<p>Hasta el momento se desconocen los motivos de la agresi\u00f3n armada.<\/p>\n\n\n\n<p>San Jos\u00e9 del Pac\u00edfico es una comunidad ubicada a m\u00e1s de dos mil 800 metros sobre el nivel del mar; cuenta con diversas caba\u00f1as ecotur\u00edsticas y es frecuentada por extranjeros, que buscan experiencias con hongos alucinantes, as\u00ed como por los amantes de la naturaleza y el ecoturismo.<\/p>\n","protected":false},"excerpt":{"rendered":"<p>Redacci\u00f3n\/Zona Roja. Oaxaca de Ju\u00e1rez, Oax., 3 de marzo de 2020.- El due\u00f1o de un&hellip;<\/p>\n","protected":false},"author":2,"featured_media":9435,"comment_status":"closed","ping_status":"open","sticky":false,"template":"","format":"standard","meta":{"_lmt_disableupdate":"","_lmt_disable":"","_jetpack_memberships_contains_paid_content":false,"footnotes":""},"categories":[109,51],"tags":[1462],"class_list":["post-9434","post","type-post","status-publish","format-standard","has-post-thumbnail","hentry","category-minuto-a-minuto","category-zona-roja","tag-asesinado-san-jose-del-pacifico"],"jetpack_featured_media_url":"https:\/\/zonaroja.com.mx\/wp-content\/uploads\/2020\/03\/San-Jos\u00e9-del-Pac\u00edfico.jpg","jetpack_sharing_enabled":true,"_links":{"self":[{"href":"https:\/\/zonaroja.com.mx\/index.php?rest_route=\/wp\/v2\/posts\/9434","targetHints":{"allow":["GET"]}}],"collection":[{"href":"https:\/\/zonaroja.com.mx\/index.php?rest_route=\/wp\/v2\/posts"}],"about":[{"href":"https:\/\/zonaroja.com.mx\/index.php?rest_route=\/wp\/v2\/types\/post"}],"author":[{"embeddable":true,"href":"https:\/\/zonaroja.com.mx\/index.php?rest_route=\/wp\/v2\/users\/2"}],"replies":[{"embeddable":true,"href":"https:\/\/zonaroja.com.mx\/index.php?rest_route=%2Fwp%2Fv2%2Fcomments&post=9434"}],"version-history":[{"count":1,"href":"https:\/\/zonaroja.com.mx\/index.php?rest_route=\/wp\/v2\/posts\/9434\/revisions"}],"predecessor-version":[{"id":9436,"href":"https:\/\/zonaroja.com.mx\/index.php?rest_route=\/wp\/v2\/posts\/9434\/revisions\/9436"}],"wp:featuredmedia":[{"embeddable":true,"href":"https:\/\/zonaroja.com.mx\/index.php?rest_route=\/wp\/v2\/media\/9435"}],"wp:attachment":[{"href":"https:\/\/zonaroja.com.mx\/index.php?rest_route=%2Fwp%2Fv2%2Fmedia&parent=9434"}],"wp:term":[{"taxonomy":"category","embeddable":true,"href":"https:\/\/zonaroja.com.mx\/index.php?rest_route=%2Fwp%2Fv2%2Fcategories&post=9434"},{"taxonomy":"post_tag","embeddable":true,"href":"https:\/\/zonaroja.com.mx\/index.php?rest_route=%2Fwp%2Fv2%2Ftags&post=9434"}],"curies":[{"name":"wp","href":"https:\/\/api.w.org\/{rel}","templated":true}]}}