{"id":9442,"date":"2020-03-03T14:47:52","date_gmt":"2020-03-03T20:47:52","guid":{"rendered":"https:\/\/www.zonaroja.com.mx\/?p=9442"},"modified":"2020-03-03T14:47:55","modified_gmt":"2020-03-03T20:47:55","slug":"dirigente-de-sindicato-burocratas-va-contra-la-base-al-cobrar-cuotas-lo-acusan-de-traicion","status":"publish","type":"post","link":"https:\/\/zonaroja.com.mx\/?p=9442","title":{"rendered":"Dirigente de sindicato bur\u00f3cratas va contra la base al cobrar cuotas; lo acusan de traici\u00f3n"},"content":{"rendered":"\n<p>Evlin Arag\u00f3n\/Zona Roja.<br>Oaxaca de Ju\u00e1rez, Oax., 3 de marzo de 2020.- Juan Ignacio Cruz Villavicencio, secretario general del Sindicato de Trabajadores de los Poderes del Estado e Instituciones Descentralizadas de Car\u00e1cter Estatal de Oaxaca (STPEIDCEO), reconoci\u00f3 la propuesta de crear un fideicomiso de transporte que obligar\u00eda a la base trabajadora a pagar por el servicio. <\/p>\n\n\n\n<p>Lo anterior fue calificado de traici\u00f3n por parte el personal de base, que asegur\u00f3 la dirigencia responde a los intereses del patr\u00f3n, tal y como sucedi\u00f3 en el 2014 que se ech\u00f3 abajo el tabulador de sueldos que permit\u00eda hasta un 10 por ciento de incremento salarial, mientras que ahora consiguen menos de la mitad en perjuicio de las y los trabajadores <\/p>\n\n\n\n<p>En un video difundido a trav\u00e9s de las redes sociales, el dirigente sindical explic\u00f3 que se trata de una propuesta que se expuso ante delegadas y delegados, a quienes se les pidi\u00f3 tener la madurez suficiente para ver m\u00e1s all\u00e1 de la cuota que se tendr\u00eda que dar y por el contrario ir m\u00e1s all\u00e1 y pensar en los beneficios. <\/p>\n\n\n\n<p>\u201cEfectivamente se coment\u00f3 que si se tiene la madurez, la personalidad de trabajar en bien de la base trabajadora, para tener un mejor servicio en torno al transporte en los dos complejos administrativos, como idea se pudiese trabajar un fideicomiso\u201d, dijo. <\/p>\n\n\n\n<p>De acuerdo con Cruz Villavicencio, la cuota ser\u00eda m\u00ednima con la finalidad de conseguir un primer recursos que pueda ofrecerse al gobierno del Estado para que asuma la mayor parte del presupuesto para adquirir unidades de transporte que permitir\u00e1 el incremento de rutas y la mejora del servicio.<\/p>\n\n\n\n<p>\u201cSi se trabajara en un fideicomiso, hipot\u00e9ticamente la aportaci\u00f3n de acuerdo a los an\u00e1lisis y al estudio realizado, en un ejemplo que el trabajador, y lo dije as\u00ed, aportar\u00e1 un peso a la semana o por d\u00eda, este dinero va a permitir la adquisici\u00f3n de autobuses nuevos con el respaldo del gobierno del Estado\u201d, explic\u00f3.<\/p>\n\n\n\n<p>De igual forma asegur\u00f3 que los anteriores podr\u00eda impactar de forma positiva en la <br>pol\u00edtica de \u201csindicato sustentable\u201d por medio de la cual se le de dar\u00eda la oportunidad al personal con experiencia en el manejo de veh\u00edculos, de ser quienes presten el servicio. <\/p>\n\n\n\n<p><a href=\"\/\/1\">Este lunes<\/a> personal de base del sindicato de bur\u00f3cratas cuestion\u00f3 la iniciativa al asegurar que la cuota que se busca cobrar es para contribuir de forma externa al fondo de pensiones que podr\u00eda estar en riesgo debido a declaraciones recientes por parte del Secretario de Administraci\u00f3n. Incluso denunci\u00f3 un posible contubernio entre el dirigente de bur\u00f3cratas con el secretario de Administraci\u00f3n, Germ\u00e1n Espinosa Santib\u00e1\u00f1ez. <\/p>\n\n\n\n<p>Finalmente recordaron que el transporte gratuito forma parte de los triunfos sindicales por lo que rechazaron rotundamente que se busque eximir al Gobierno de Oaxaca de la obligaci\u00f3n de trasladar al personal sin costo alguno y por el contrario se busque que sea la base trabajadora la que brinde recurso para el mantenimiento de la unidad, pago combustible, neum\u00e1ticos, pago de tenencia, placas, asegurar la unidad, da\u00f1os a terceros y pago de los choferes.<\/p>\n","protected":false},"excerpt":{"rendered":"<p>Evlin Arag\u00f3n\/Zona Roja.Oaxaca de Ju\u00e1rez, Oax., 3 de marzo de 2020.- Juan Ignacio Cruz Villavicencio,&hellip;<\/p>\n","protected":false},"author":2,"featured_media":9441,"comment_status":"closed","ping_status":"open","sticky":false,"template":"","format":"standard","meta":{"_lmt_disableupdate":"","_lmt_disable":"","_jetpack_memberships_contains_paid_content":false,"footnotes":""},"categories":[109,47],"tags":[],"class_list":["post-9442","post","type-post","status-publish","format-standard","has-post-thumbnail","hentry","category-minuto-a-minuto","category-zona-gris"],"jetpack_featured_media_url":"https:\/\/zonaroja.com.mx\/wp-content\/uploads\/2020\/03\/img_5250.jpg","jetpack_sharing_enabled":true,"_links":{"self":[{"href":"https:\/\/zonaroja.com.mx\/index.php?rest_route=\/wp\/v2\/posts\/9442","targetHints":{"allow":["GET"]}}],"collection":[{"href":"https:\/\/zonaroja.com.mx\/index.php?rest_route=\/wp\/v2\/posts"}],"about":[{"href":"https:\/\/zonaroja.com.mx\/index.php?rest_route=\/wp\/v2\/types\/post"}],"author":[{"embeddable":true,"href":"https:\/\/zonaroja.com.mx\/index.php?rest_route=\/wp\/v2\/users\/2"}],"replies":[{"embeddable":true,"href":"https:\/\/zonaroja.com.mx\/index.php?rest_route=%2Fwp%2Fv2%2Fcomments&post=9442"}],"version-history":[{"count":1,"href":"https:\/\/zonaroja.com.mx\/index.php?rest_route=\/wp\/v2\/posts\/9442\/revisions"}],"predecessor-version":[{"id":9443,"href":"https:\/\/zonaroja.com.mx\/index.php?rest_route=\/wp\/v2\/posts\/9442\/revisions\/9443"}],"wp:featuredmedia":[{"embeddable":true,"href":"https:\/\/zonaroja.com.mx\/index.php?rest_route=\/wp\/v2\/media\/9441"}],"wp:attachment":[{"href":"https:\/\/zonaroja.com.mx\/index.php?rest_route=%2Fwp%2Fv2%2Fmedia&parent=9442"}],"wp:term":[{"taxonomy":"category","embeddable":true,"href":"https:\/\/zonaroja.com.mx\/index.php?rest_route=%2Fwp%2Fv2%2Fcategories&post=9442"},{"taxonomy":"post_tag","embeddable":true,"href":"https:\/\/zonaroja.com.mx\/index.php?rest_route=%2Fwp%2Fv2%2Ftags&post=9442"}],"curies":[{"name":"wp","href":"https:\/\/api.w.org\/{rel}","templated":true}]}}