{"id":9444,"date":"2020-03-03T17:10:59","date_gmt":"2020-03-03T23:10:59","guid":{"rendered":"http:\/\/www.zonaroja.com.mx\/?p=9444"},"modified":"2020-03-03T17:11:03","modified_gmt":"2020-03-03T23:11:03","slug":"desconocen-a-supervisor-de-zona-en-mixteca-y-responde-con-toma-de-cam","status":"publish","type":"post","link":"https:\/\/zonaroja.com.mx\/?p=9444","title":{"rendered":"Desconocen a supervisor de zona en Mixteca y responde con \u201ctoma\u201d de CAM"},"content":{"rendered":"\n<p>Yuridiana Sosa\/Zona Roja.<\/p>\n\n\n\n<p>Oaxaca de Ju\u00e1rez, Oax., 3 de marzo de\n2020.- Apoyado de un grupo minoritario de padres de familia, el supervisor de\nZona Escolar 06, Giovani Gonz\u00e1lez Villareal, mantiene desde hace casi un mes\n\u201ctomado\u201d el Centro de Atenci\u00f3n M\u00faltiple (CAM) n\u00famero 24 en Tamazul\u00e1pam del\nProgreso, con la intenci\u00f3n de sustituir a la plantilla docente.<\/p>\n\n\n\n<p>La matr\u00edcula del CAM, conformado por\nseis maestras, desconocieron al supervisor desde su llegada, debido a los\nantecedentes de conflictos de los que hab\u00eda formado parte en esa misma zona\nescolar, pero como docente.<\/p>\n\n\n\n<p>Desde el pasado 10 de febrero un grupo\nde siete padres de familia, respaldados por Gonz\u00e1lez Villareal, se apoder\u00f3 del\ncentro educativo acusando a las maestras de abusos f\u00edsicos y sexuales contra\nlos estudiantes.<\/p>\n\n\n\n<p>La directora, Griselda Arroyo L\u00f3pez, se\u00f1al\u00f3 que en la protesta tambi\u00e9n se han involucrado autoridades municipales por el parentesco con uno de los padres que encabeza la toma.<\/p>\n\n\n\n<figure class=\"wp-block-image\"><img decoding=\"async\" width=\"1024\" height=\"576\" src=\"http:\/\/www.zonaroja.com.mx\/wp-content\/uploads\/2020\/03\/CAM-Tamazul\u00e1pam-1024x576.jpg\" alt=\"\" class=\"wp-image-9445\" srcset=\"https:\/\/zonaroja.com.mx\/wp-content\/uploads\/2020\/03\/CAM-Tamazul\u00e1pam-1024x576.jpg 1024w, https:\/\/zonaroja.com.mx\/wp-content\/uploads\/2020\/03\/CAM-Tamazul\u00e1pam-300x169.jpg 300w, https:\/\/zonaroja.com.mx\/wp-content\/uploads\/2020\/03\/CAM-Tamazul\u00e1pam-768x432.jpg 768w, https:\/\/zonaroja.com.mx\/wp-content\/uploads\/2020\/03\/CAM-Tamazul\u00e1pam-585x329.jpg 585w, https:\/\/zonaroja.com.mx\/wp-content\/uploads\/2020\/03\/CAM-Tamazul\u00e1pam.jpg 1032w\" sizes=\"(max-width: 1024px) 100vw, 1024px\" \/><\/figure>\n\n\n\n<p>Ante los hechos, 29 padres de familia &#8211;que\nrepresentan a mismo n\u00famero de alumnos de un total de 36 estudiantes&#8211; acordaron\nque las maestras continuaran con las clases en una sede alterna.<\/p>\n\n\n\n<p>La profesora denunci\u00f3 que ahora los\ndue\u00f1os del inmueble han recibido amenazas por parte de los inconformes, por lo\nque ahora temen por la seguridad de quienes ocupan ese espacio.<\/p>\n\n\n\n<p>El Instituto Estatal de Educaci\u00f3n\nP\u00fablica de Oaxaca (IEEPO) atiende el caso, sin embargo, son los siete padres de\nfamilia los que han rechazado llegar a un acuerdo a trav\u00e9s del dialogo, pues se\nretiraron de la mesa de dialogo que se estableci\u00f3 en d\u00edas pasados.<\/p>\n","protected":false},"excerpt":{"rendered":"<p>Yuridiana Sosa\/Zona Roja. Oaxaca de Ju\u00e1rez, Oax., 3 de marzo de 2020.- Apoyado de un&hellip;<\/p>\n","protected":false},"author":2,"featured_media":9446,"comment_status":"closed","ping_status":"open","sticky":false,"template":"","format":"standard","meta":{"_lmt_disableupdate":"","_lmt_disable":"","_jetpack_memberships_contains_paid_content":false,"footnotes":""},"categories":[109,47],"tags":[1463],"class_list":["post-9444","post","type-post","status-publish","format-standard","has-post-thumbnail","hentry","category-minuto-a-minuto","category-zona-gris","tag-cam-tamazulapam"],"jetpack_featured_media_url":"https:\/\/zonaroja.com.mx\/wp-content\/uploads\/2020\/03\/PHOTO-2020-03-02-19-24-42.jpg","jetpack_sharing_enabled":true,"_links":{"self":[{"href":"https:\/\/zonaroja.com.mx\/index.php?rest_route=\/wp\/v2\/posts\/9444","targetHints":{"allow":["GET"]}}],"collection":[{"href":"https:\/\/zonaroja.com.mx\/index.php?rest_route=\/wp\/v2\/posts"}],"about":[{"href":"https:\/\/zonaroja.com.mx\/index.php?rest_route=\/wp\/v2\/types\/post"}],"author":[{"embeddable":true,"href":"https:\/\/zonaroja.com.mx\/index.php?rest_route=\/wp\/v2\/users\/2"}],"replies":[{"embeddable":true,"href":"https:\/\/zonaroja.com.mx\/index.php?rest_route=%2Fwp%2Fv2%2Fcomments&post=9444"}],"version-history":[{"count":1,"href":"https:\/\/zonaroja.com.mx\/index.php?rest_route=\/wp\/v2\/posts\/9444\/revisions"}],"predecessor-version":[{"id":9447,"href":"https:\/\/zonaroja.com.mx\/index.php?rest_route=\/wp\/v2\/posts\/9444\/revisions\/9447"}],"wp:featuredmedia":[{"embeddable":true,"href":"https:\/\/zonaroja.com.mx\/index.php?rest_route=\/wp\/v2\/media\/9446"}],"wp:attachment":[{"href":"https:\/\/zonaroja.com.mx\/index.php?rest_route=%2Fwp%2Fv2%2Fmedia&parent=9444"}],"wp:term":[{"taxonomy":"category","embeddable":true,"href":"https:\/\/zonaroja.com.mx\/index.php?rest_route=%2Fwp%2Fv2%2Fcategories&post=9444"},{"taxonomy":"post_tag","embeddable":true,"href":"https:\/\/zonaroja.com.mx\/index.php?rest_route=%2Fwp%2Fv2%2Ftags&post=9444"}],"curies":[{"name":"wp","href":"https:\/\/api.w.org\/{rel}","templated":true}]}}