{"id":9448,"date":"2020-03-03T18:22:01","date_gmt":"2020-03-04T00:22:01","guid":{"rendered":"http:\/\/www.zonaroja.com.mx\/?p=9448"},"modified":"2020-03-03T18:22:05","modified_gmt":"2020-03-04T00:22:05","slug":"pide-uabjo-a-sindicato-de-trabajadores-no-afectar-mas-a-estudiantes","status":"publish","type":"post","link":"https:\/\/zonaroja.com.mx\/?p=9448","title":{"rendered":"Pide UABJO a Sindicato de Trabajadores no afectar m\u00e1s a estudiantes"},"content":{"rendered":"\n<p>Yuridiana Sosa\/Zona Roja.<\/p>\n\n\n\n<p>Oaxaca de Ju\u00e1rez, Oax., 3 de marzo de\n2020.- La Universidad Aut\u00f3noma \u201cBenito Ju\u00e1rez\u201d de Oaxaca reiter\u00f3 al Sindicato\nde Trabajadores y Empleados (STEUABJO) su petici\u00f3n para que desistan de la\nhuelga, que iniciaron hace un mes y tres d\u00edas.<\/p>\n\n\n\n<p>En conferencia de prensa, el rector\nEduardo Bautista Mart\u00ednez recalc\u00f3 que no es posible sobrepasar los lineamientos\nfinancieros establecidos por los gobiernos federal y estatal, por lo cual no se\npuede otorgar m\u00e1s all\u00e1 del 3.4 por ciento directo al salario y 1.8 por ciento a\nprestaciones.<\/p>\n\n\n\n<p>Asimismo, llam\u00f3 a no hacer caso a rumores\ncon respecto a la convocatoria a una marcha que organizan presuntos\nuniversitarios; indic\u00f3 que la autoridad no busca confrontar a los trabajadores.<\/p>\n\n\n\n<p>En tanto, el abogado de la Universidad,\nH\u00e9ctor L\u00f3pez S\u00e1nchez, se\u00f1al\u00f3 que este martes presentaron ante la autoridad\njudicial correspondiente un amparo contra la resoluci\u00f3n de la Junta Local de\nConciliaci\u00f3n y Arbitraje (JLCA), que declar\u00f3 como v\u00e1lida la huelga del STEUABJO,\npor considerar que no se cubrieron los requisitos legales.<\/p>\n\n\n\n<p>Precis\u00f3 que, desde el emplazamiento a\nhuelga, notificado en enero pasado, el sindicato present\u00f3 elementos\ninsuficientes al carecer del acta de asamblea con los nombres y firmas de los\ntrabajadores acreditados en el gremio.<\/p>\n\n\n\n<p>El abogado indic\u00f3 que insistir\u00e1n en este amparo a pesar que la JLCA aval\u00f3 la existencia de la huelga. En un primer momento, la Junta Local desech\u00f3 las pruebas de la Universidad por considerar que era responsabilidad de \u00e9sta el padr\u00f3n reconocido.<\/p>\n\n\n\n<figure class=\"wp-block-embed-twitter wp-block-embed is-type-rich is-provider-twitter\"><div class=\"wp-block-embed__wrapper\">\n<div class=\"twitter-tweet\"><blockquote class=\"twitter-tweet\" data-lang=\"es\"><p lang=\"es\" dir=\"ltr\">(3) El rector de la UABJO recalc\u00f3 tambi\u00e9n que los acuerdos de la instituci\u00f3n siempre ser\u00e1n signadas y no se reconocen convocatorias an\u00f3nimas, como la surgida ayer para una marcha, lo que puede entenderse como una provocaci\u00f3n, expuso. <a href=\"https:\/\/t.co\/q7tX2DQ4Ts\">pic.twitter.com\/q7tX2DQ4Ts<\/a><\/p>&mdash; Zona Roja Oaxaca (@MexRoja) <a href=\"https:\/\/twitter.com\/MexRoja\/status\/1234979312073207809?ref_src=twsrc%5Etfw\">3 de marzo de 2020<\/a><\/blockquote><\/div>\n<\/div><\/figure>\n\n\n\n<p>Ante el hecho, la UBJO argument\u00f3 que es obligaci\u00f3n\nde la JLCA confirmar la existencia de los padrones de cada uno de los\nsindicatos labores con toma de nota reconocida por esta instancia.<\/p>\n\n\n\n<p>TECHOS FINANCIEROS<\/p>\n\n\n\n<p>La Secretar\u00eda de Finanzas de la UABJO\ninform\u00f3 que la instituci\u00f3n est\u00e1 autorizada, con base a su presupuesto, para\naplicar un aumento salarial del 3.4 por ciento para los sindicatos del orden\nacad\u00e9micos y administrativos; y de 1.8 por ciento para las prestaciones no\nligadas al salario. Pero el STEUBJO exige un aumento del 20 por ciento.<\/p>\n\n\n\n<p>Este a\u00f1o, indicaron que la Universidad\nha recibido observaciones por las autoridades fiscalizadoras por la cuenta\np\u00fablica 2018 por el pago en exceso de prestaciones no reconocidos; pago en\nexcedente de sueldos y categor\u00edas no reconocidas. Lo cual quiere evitar para el\nejercicio de este a\u00f1o.<\/p>\n\n\n\n<p>En el actual ofrecimiento al pliego de\npeticiones, la Universidad ofrece las prestaciones establecidas por la ley, as\u00ed\ncomo mantiene otras reconocidas durante a\u00f1os anteriores en relaci\u00f3n a los\nlogros sindicales, informaron.<\/p>\n\n\n\n<p>Por lo que esperan la respuesta del\nSTEUABJO tras la asamblea convocada para este martes, pero que a falta de\nquorum se pospuso en fechas anteriores.<\/p>\n","protected":false},"excerpt":{"rendered":"<p>Yuridiana Sosa\/Zona Roja. Oaxaca de Ju\u00e1rez, Oax., 3 de marzo de 2020.- La Universidad Aut\u00f3noma&hellip;<\/p>\n","protected":false},"author":2,"featured_media":9449,"comment_status":"closed","ping_status":"open","sticky":false,"template":"","format":"standard","meta":{"_lmt_disableupdate":"","_lmt_disable":"","_jetpack_memberships_contains_paid_content":false,"footnotes":""},"categories":[109,47],"tags":[282],"class_list":["post-9448","post","type-post","status-publish","format-standard","has-post-thumbnail","hentry","category-minuto-a-minuto","category-zona-gris","tag-universidad-autonoma-benito-juarez-de-oaxaca"],"jetpack_featured_media_url":"https:\/\/zonaroja.com.mx\/wp-content\/uploads\/2020\/03\/Conferencia-UABJO.jpg","jetpack_sharing_enabled":true,"_links":{"self":[{"href":"https:\/\/zonaroja.com.mx\/index.php?rest_route=\/wp\/v2\/posts\/9448","targetHints":{"allow":["GET"]}}],"collection":[{"href":"https:\/\/zonaroja.com.mx\/index.php?rest_route=\/wp\/v2\/posts"}],"about":[{"href":"https:\/\/zonaroja.com.mx\/index.php?rest_route=\/wp\/v2\/types\/post"}],"author":[{"embeddable":true,"href":"https:\/\/zonaroja.com.mx\/index.php?rest_route=\/wp\/v2\/users\/2"}],"replies":[{"embeddable":true,"href":"https:\/\/zonaroja.com.mx\/index.php?rest_route=%2Fwp%2Fv2%2Fcomments&post=9448"}],"version-history":[{"count":1,"href":"https:\/\/zonaroja.com.mx\/index.php?rest_route=\/wp\/v2\/posts\/9448\/revisions"}],"predecessor-version":[{"id":9450,"href":"https:\/\/zonaroja.com.mx\/index.php?rest_route=\/wp\/v2\/posts\/9448\/revisions\/9450"}],"wp:featuredmedia":[{"embeddable":true,"href":"https:\/\/zonaroja.com.mx\/index.php?rest_route=\/wp\/v2\/media\/9449"}],"wp:attachment":[{"href":"https:\/\/zonaroja.com.mx\/index.php?rest_route=%2Fwp%2Fv2%2Fmedia&parent=9448"}],"wp:term":[{"taxonomy":"category","embeddable":true,"href":"https:\/\/zonaroja.com.mx\/index.php?rest_route=%2Fwp%2Fv2%2Fcategories&post=9448"},{"taxonomy":"post_tag","embeddable":true,"href":"https:\/\/zonaroja.com.mx\/index.php?rest_route=%2Fwp%2Fv2%2Ftags&post=9448"}],"curies":[{"name":"wp","href":"https:\/\/api.w.org\/{rel}","templated":true}]}}