{"id":9451,"date":"2020-03-03T19:13:58","date_gmt":"2020-03-04T01:13:58","guid":{"rendered":"http:\/\/www.zonaroja.com.mx\/?p=9451"},"modified":"2020-03-03T19:14:02","modified_gmt":"2020-03-04T01:14:02","slug":"presidenta-de-xanica-exige-recursos-y-asegura-que-no-despachara-en-cabecera","status":"publish","type":"post","link":"https:\/\/zonaroja.com.mx\/?p=9451","title":{"rendered":"Presidenta de Xanica exige recursos y asegura que no despachar\u00e1 en cabecera"},"content":{"rendered":"\n<p>por miedo<\/p>\n\n\n\n<p>Yuridiana Sosa\/Zona Roja.<\/p>\n\n\n\n<p>Oaxaca de Ju\u00e1rez, Oax., 3 de marzo de\n2020.- La presidenta municipal de Santiago Xanica, A\u00edda Hern\u00e1ndez, exigi\u00f3 al\ngobierno del estado la entrega de recursos p\u00fablicos para este municipio de la\nSierra Sur, donde asegura que no existen las condiciones de paz para despachar\ndesde la cabecera.<\/p>\n\n\n\n<p>En conferencia de prensa en la capital\ndel estado, la primera mujer en tomar este cargo en Xanica, demand\u00f3 a las\nautoridades atenci\u00f3n especial para esta comunidad con altos rezagos en\ndesarrollo social; desde servicios b\u00e1sicos hasta atenciones en salud y\neducaci\u00f3n.<\/p>\n\n\n\n<p>La presidenta dijo que, aunque es\nin\u00e9dito que una mujer asuma el cargo, no lo ejercer\u00e1 desde el palacio municipal\npor la inconformidad social y pol\u00edtica por parte de un grupo de personas de la\ncabera que se oponen a su triunfo, al se\u00f1alar el desarrollo de un proceso\nelectoral irregular y por lo que impugnaron ante el Tribunal Electoral del Poder\nJudicial de la Federaci\u00f3n.<\/p>\n\n\n\n<p>\u201cVoy a subir cuando el gobierno estatal\ny federal garanticen mi seguridad y la de los ciudadanos\u201d, asever\u00f3 la\npresidenta, quien agreg\u00f3 que recibe amenazas que atenta contra su integridad\ndesde el pasado 6 de octubre, cuando fue v\u00edctima de un ataque armado donde\nmuri\u00f3 su esposo.<\/p>\n\n\n\n<p>Para poder trabajar, la alcaldesa indic\u00f3\nque firm\u00f3 un acuerdo con los tres agentes municipales de Santiago Xanica y\nasegur\u00f3 que el grupo opositor son personas que durante varias administraciones\nhan mantenido el control en la comunidad.<\/p>\n\n\n\n<p>Acerca del asesinato de su esposo,\nelemento de la Agencia Estatal de Investigaciones, as\u00ed como agresiones a su\npersona, a dos polic\u00edas m\u00e1s, entre otros, evadi\u00f3 responder el estado de las\ninvestigaciones, por parte de la Fiscal\u00eda General del Estado de Oaxaca.<\/p>\n","protected":false},"excerpt":{"rendered":"<p>por miedo Yuridiana Sosa\/Zona Roja. Oaxaca de Ju\u00e1rez, Oax., 3 de marzo de 2020.- La&hellip;<\/p>\n","protected":false},"author":2,"featured_media":9452,"comment_status":"closed","ping_status":"open","sticky":false,"template":"","format":"standard","meta":{"_lmt_disableupdate":"","_lmt_disable":"","_jetpack_memberships_contains_paid_content":false,"footnotes":""},"categories":[109,47],"tags":[843,628],"class_list":["post-9451","post","type-post","status-publish","format-standard","has-post-thumbnail","hentry","category-minuto-a-minuto","category-zona-gris","tag-aida-hernandez-moreno","tag-santiago-xanica"],"jetpack_featured_media_url":"https:\/\/zonaroja.com.mx\/wp-content\/uploads\/2020\/03\/A\u00edda-Hern\u00e1ndez-Xanica.jpg","jetpack_sharing_enabled":true,"_links":{"self":[{"href":"https:\/\/zonaroja.com.mx\/index.php?rest_route=\/wp\/v2\/posts\/9451","targetHints":{"allow":["GET"]}}],"collection":[{"href":"https:\/\/zonaroja.com.mx\/index.php?rest_route=\/wp\/v2\/posts"}],"about":[{"href":"https:\/\/zonaroja.com.mx\/index.php?rest_route=\/wp\/v2\/types\/post"}],"author":[{"embeddable":true,"href":"https:\/\/zonaroja.com.mx\/index.php?rest_route=\/wp\/v2\/users\/2"}],"replies":[{"embeddable":true,"href":"https:\/\/zonaroja.com.mx\/index.php?rest_route=%2Fwp%2Fv2%2Fcomments&post=9451"}],"version-history":[{"count":1,"href":"https:\/\/zonaroja.com.mx\/index.php?rest_route=\/wp\/v2\/posts\/9451\/revisions"}],"predecessor-version":[{"id":9453,"href":"https:\/\/zonaroja.com.mx\/index.php?rest_route=\/wp\/v2\/posts\/9451\/revisions\/9453"}],"wp:featuredmedia":[{"embeddable":true,"href":"https:\/\/zonaroja.com.mx\/index.php?rest_route=\/wp\/v2\/media\/9452"}],"wp:attachment":[{"href":"https:\/\/zonaroja.com.mx\/index.php?rest_route=%2Fwp%2Fv2%2Fmedia&parent=9451"}],"wp:term":[{"taxonomy":"category","embeddable":true,"href":"https:\/\/zonaroja.com.mx\/index.php?rest_route=%2Fwp%2Fv2%2Fcategories&post=9451"},{"taxonomy":"post_tag","embeddable":true,"href":"https:\/\/zonaroja.com.mx\/index.php?rest_route=%2Fwp%2Fv2%2Ftags&post=9451"}],"curies":[{"name":"wp","href":"https:\/\/api.w.org\/{rel}","templated":true}]}}