{"id":9459,"date":"2020-03-03T20:55:42","date_gmt":"2020-03-04T02:55:42","guid":{"rendered":"http:\/\/www.zonaroja.com.mx\/?p=9459"},"modified":"2020-03-03T21:08:39","modified_gmt":"2020-03-04T03:08:39","slug":"realizan-manana-en-congreso-local-foro-sobre-participacion-politica-de-mujeres","status":"publish","type":"post","link":"https:\/\/zonaroja.com.mx\/?p=9459","title":{"rendered":"Realizan ma\u00f1ana en Congreso local foro sobre participaci\u00f3n pol\u00edtica de mujeres"},"content":{"rendered":"\n<p>Redacci\u00f3n\/Zona Roja.<\/p>\n\n\n\n<p>Oaxaca de Ju\u00e1rez, Oax., 3 de marzo de\n2020.- Ante el panorama de violencia que se vive actualmente en el pa\u00eds y que\nvulnera los derechos humanos y pol\u00edticos principalmente de las mujeres, este 4\nde marzo, en el Congreso del Estado de Oaxaca se debatir\u00e1 sobre la\ncontribuci\u00f3n, participaci\u00f3n y papel de la mujer en la pol\u00edtica.<\/p>\n\n\n\n<p>\u201cLibertad de expresi\u00f3n y la participaci\u00f3n pol\u00edtica de las mujeres\u201d es el nombre del foro en el que la diputada local Elisa Zepeda; la periodista Soledad Jarqu\u00edn; Atziri \u00c1vila, defensora de los derechos humanos e integrante del Observatorio Nacional de Feminicidio, as\u00ed como la periodista Roc\u00edo Flores, participar\u00e1n como ponentes, el cual ser\u00e1 abierto al p\u00fablico en general.<\/p>\n\n\n\n<figure class=\"wp-block-embed-twitter wp-block-embed is-type-rich is-provider-twitter\"><div class=\"wp-block-embed__wrapper\">\n<div class=\"twitter-tweet\"><blockquote class=\"twitter-tweet\" data-lang=\"es\"><p lang=\"es\" dir=\"ltr\">Ante la grave violencia de g\u00e9nero en el pa\u00eds y en Oaxaca, el <a href=\"https:\/\/twitter.com\/CongresoOaxLXIV?ref_src=twsrc%5Etfw\">@CongresoOaxLXIV<\/a> organiza el foro \u201cLibertad de expresi\u00f3n y la participaci\u00f3n pol\u00edtica de las mujeres\u201d, que se efectuar\u00e1 este 4 de marzo en la sede del Legislativo. <a href=\"https:\/\/twitter.com\/HoracioSosaOax?ref_src=twsrc%5Etfw\">@HoracioSosaOax<\/a> <a href=\"https:\/\/twitter.com\/Elisa_ZepedaOax?ref_src=twsrc%5Etfw\">@Elisa_ZepedaOax<\/a> <a href=\"https:\/\/twitter.com\/Magaly_LopezOax?ref_src=twsrc%5Etfw\">@Magaly_LopezOax<\/a> <a href=\"https:\/\/t.co\/3ji584QX3D\">pic.twitter.com\/3ji584QX3D<\/a><\/p>&mdash; Zona Roja Oaxaca (@MexRoja) <a href=\"https:\/\/twitter.com\/MexRoja\/status\/1234832721421250561?ref_src=twsrc%5Etfw\">3 de marzo de 2020<\/a><\/blockquote><\/div>\n<\/div><\/figure>\n\n\n\n<p>El foro se realizar\u00e1 este mi\u00e9rcoles 4 de\nmarzo en la sala audiovisual del Congreso del Estado, a las 09:00 horas,\nposteriormente se llevar\u00e1 a cabo la exposici\u00f3n fotogr\u00e1fica \u201cJuntas, libres y\nseguras\u201d de Carmen Pacheco y F\u00e9lix Reyes, a las 10:30 horas, en la que se\ncompartir\u00e1n im\u00e1genes referentes a los movimientos que enmarcaron la aprobaci\u00f3n\nde la ley que despenaliza de la interrupci\u00f3n del embarazo antes de las 12\nsemanas de gestaci\u00f3n en Oaxaca.<\/p>\n\n\n\n<p>La diputada Elisa Zepeda record\u00f3 que\nesta es una oportunidad para reflexionar sobre el quehacer de las mujeres en la\nvida pol\u00edtica, adem\u00e1s de conocer la propuesta fotogr\u00e1fica de artistas de la\nlente que han captado momentos exactos que narran visualmente la participaci\u00f3n\nde las mujeres en la toma de decisiones de nuestra sociedad.<\/p>\n","protected":false},"excerpt":{"rendered":"<p>Redacci\u00f3n\/Zona Roja. Oaxaca de Ju\u00e1rez, Oax., 3 de marzo de 2020.- Ante el panorama de&hellip;<\/p>\n","protected":false},"author":2,"featured_media":9460,"comment_status":"closed","ping_status":"open","sticky":false,"template":"","format":"standard","meta":{"_lmt_disableupdate":"","_lmt_disable":"","_jetpack_memberships_contains_paid_content":false,"footnotes":""},"categories":[109,46],"tags":[213],"class_list":["post-9459","post","type-post","status-publish","format-standard","has-post-thumbnail","hentry","category-minuto-a-minuto","category-zona-blanca","tag-64-legislatura-de-oaxaca"],"jetpack_featured_media_url":"https:\/\/zonaroja.com.mx\/wp-content\/uploads\/2020\/03\/Invitacio\u0301n-a-exposicio\u0301n.jpeg","jetpack_sharing_enabled":true,"_links":{"self":[{"href":"https:\/\/zonaroja.com.mx\/index.php?rest_route=\/wp\/v2\/posts\/9459","targetHints":{"allow":["GET"]}}],"collection":[{"href":"https:\/\/zonaroja.com.mx\/index.php?rest_route=\/wp\/v2\/posts"}],"about":[{"href":"https:\/\/zonaroja.com.mx\/index.php?rest_route=\/wp\/v2\/types\/post"}],"author":[{"embeddable":true,"href":"https:\/\/zonaroja.com.mx\/index.php?rest_route=\/wp\/v2\/users\/2"}],"replies":[{"embeddable":true,"href":"https:\/\/zonaroja.com.mx\/index.php?rest_route=%2Fwp%2Fv2%2Fcomments&post=9459"}],"version-history":[{"count":1,"href":"https:\/\/zonaroja.com.mx\/index.php?rest_route=\/wp\/v2\/posts\/9459\/revisions"}],"predecessor-version":[{"id":9461,"href":"https:\/\/zonaroja.com.mx\/index.php?rest_route=\/wp\/v2\/posts\/9459\/revisions\/9461"}],"wp:featuredmedia":[{"embeddable":true,"href":"https:\/\/zonaroja.com.mx\/index.php?rest_route=\/wp\/v2\/media\/9460"}],"wp:attachment":[{"href":"https:\/\/zonaroja.com.mx\/index.php?rest_route=%2Fwp%2Fv2%2Fmedia&parent=9459"}],"wp:term":[{"taxonomy":"category","embeddable":true,"href":"https:\/\/zonaroja.com.mx\/index.php?rest_route=%2Fwp%2Fv2%2Fcategories&post=9459"},{"taxonomy":"post_tag","embeddable":true,"href":"https:\/\/zonaroja.com.mx\/index.php?rest_route=%2Fwp%2Fv2%2Ftags&post=9459"}],"curies":[{"name":"wp","href":"https:\/\/api.w.org\/{rel}","templated":true}]}}