{"id":9463,"date":"2020-03-03T21:49:40","date_gmt":"2020-03-04T03:49:40","guid":{"rendered":"http:\/\/www.zonaroja.com.mx\/?p=9463"},"modified":"2020-03-03T21:49:43","modified_gmt":"2020-03-04T03:49:43","slug":"con-informacion-erronea-fiscalia-de-oaxaca-busca-a-vera-carrizal-maria-elena","status":"publish","type":"post","link":"https:\/\/zonaroja.com.mx\/?p=9463","title":{"rendered":"Con informaci\u00f3n err\u00f3nea, Fiscal\u00eda de Oaxaca busca a Vera Carrizal: Mar\u00eda Elena"},"content":{"rendered":"\n<p>Yuridiana Sosa\/Zona Roja.<\/p>\n\n\n\n<p>Oaxaca de Ju\u00e1rez, Oax., 3 de marzo de\n2020.- La fotograf\u00eda difundida por la Fiscal\u00eda General de Oaxaca para la\nb\u00fasqueda de Juan Antonio Vera Carrizal, pr\u00f3fugo de la justicia por la presunta agresi\u00f3n\nde Mar\u00eda Elena R\u00edos, es antigua y no corresponde a su apariencia actual debido\na cirug\u00edas pl\u00e1sticas.<\/p>\n\n\n\n<p>As\u00ed lo asever\u00f3 la v\u00edctima del ex\ndiputado local del PRI en una entrevista que ofreci\u00f3 para el medio nacional\nADN40, a la que asisti\u00f3 al estudio de televisi\u00f3n con el rostro protegido con\nuna mascarilla especial para lesiones en la piel.<\/p>\n\n\n\n<p>Mar\u00eda Elena declar\u00f3 como absurda la\nb\u00fasqueda que realiza la Fiscal\u00eda de Oaxaca con informaci\u00f3n err\u00f3nea sobre las caracter\u00edsticas\nf\u00edsicas que puedan identificarlo.<\/p>\n\n\n\n<p>Vera Carrizal, precis\u00f3, se realiz\u00f3 con anterioridad una cirug\u00eda en la zona de la nariz, as\u00ed como un estiramiento facial; con estas intervenciones el empresario gasolinero no se parece a como se muestra en la foto (antigua) difundida.<\/p>\n\n\n\n<figure class=\"wp-block-embed-twitter wp-block-embed is-type-rich is-provider-twitter\"><div class=\"wp-block-embed__wrapper\">\n<div class=\"twitter-tweet\"><blockquote class=\"twitter-tweet\" data-lang=\"es\"><p lang=\"es\" dir=\"ltr\"><a href=\"https:\/\/twitter.com\/hashtag\/ProcuramosInjusticiaParaTi?src=hash&amp;ref_src=twsrc%5Etfw\">#ProcuramosInjusticiaParaTi<\/a><br>Otra falla de la <a href=\"https:\/\/twitter.com\/FISCALIA_GobOax?ref_src=twsrc%5Etfw\">@FISCALIA_GobOax<\/a>: \u201cabsurdo que se inicie una b\u00fasqueda (de Juan Antonio Vera Carrizal) bas\u00e1ndose en una fotograf\u00eda que es anterior\u2026 esta persona no mide 1.70, mide 150 metros; la foto no es reciente\u201d: Mar\u00eda Elena. <a href=\"https:\/\/t.co\/Yx6P3vSz1Z\">pic.twitter.com\/Yx6P3vSz1Z<\/a><\/p>&mdash; Zona Roja Oaxaca (@MexRoja) <a href=\"https:\/\/twitter.com\/MexRoja\/status\/1235013242348597249?ref_src=twsrc%5Etfw\">4 de marzo de 2020<\/a><\/blockquote><\/div>\n<\/div><\/figure>\n\n\n\n<p>Adem\u00e1s, de acuerdo con Mar\u00eda Elena, Vera\nCarrizal, de 56 a\u00f1os de edad, tiene una estatura aproximada a 1.50 metros y no\nde 1.70 metros como lo se\u00f1ala la ficha de b\u00fasqueda.<\/p>\n\n\n\n<p>\u201cNo vengo aqu\u00ed a decir cosas sin\nfundamento\u201d, expres\u00f3 la saxofonista, quien adem\u00e1s se\u00f1al\u00f3 el acoso que sufri\u00f3\npor parte de Juan Vera tras la ruptura de su relaci\u00f3n sentimental.<\/p>\n\n\n\n<p>Mar\u00eda Elena detall\u00f3 que cuando sufri\u00f3 el\naccidente, de inmediato le llam\u00f3 a Vera Carrizal. \u201cJuan me aventaron \u00e1cido.\nFuiste t\u00fa\u201d, le dijo la joven, quien recibi\u00f3 como respuesta una risa del ex\ndiputado.<\/p>\n\n\n\n<p>\u201cYo ya hab\u00eda terminado la relaci\u00f3n, lo\ncual no quiso aceptar. Era un acoso constante. Obviamente ten\u00eda miedo, porque\nconstantemente me hac\u00eda amenaza\u201d, indic\u00f3 Mar\u00eda Elena, quien recalc\u00f3 su\nexigencia de justicia, por ella y para que no se repitan actos como estos.<\/p>\n","protected":false},"excerpt":{"rendered":"<p>Yuridiana Sosa\/Zona Roja. Oaxaca de Ju\u00e1rez, Oax., 3 de marzo de 2020.- La fotograf\u00eda difundida&hellip;<\/p>\n","protected":false},"author":2,"featured_media":9464,"comment_status":"closed","ping_status":"open","sticky":false,"template":"","format":"standard","meta":{"_lmt_disableupdate":"","_lmt_disable":"","_jetpack_memberships_contains_paid_content":false,"footnotes":""},"categories":[109,47],"tags":[1124],"class_list":["post-9463","post","type-post","status-publish","format-standard","has-post-thumbnail","hentry","category-minuto-a-minuto","category-zona-gris","tag-maria-elena-rios-ortiz"],"jetpack_featured_media_url":"https:\/\/zonaroja.com.mx\/wp-content\/uploads\/2020\/03\/Entrevista-a-Mar\u00eda-Elena.jpg","jetpack_sharing_enabled":true,"_links":{"self":[{"href":"https:\/\/zonaroja.com.mx\/index.php?rest_route=\/wp\/v2\/posts\/9463","targetHints":{"allow":["GET"]}}],"collection":[{"href":"https:\/\/zonaroja.com.mx\/index.php?rest_route=\/wp\/v2\/posts"}],"about":[{"href":"https:\/\/zonaroja.com.mx\/index.php?rest_route=\/wp\/v2\/types\/post"}],"author":[{"embeddable":true,"href":"https:\/\/zonaroja.com.mx\/index.php?rest_route=\/wp\/v2\/users\/2"}],"replies":[{"embeddable":true,"href":"https:\/\/zonaroja.com.mx\/index.php?rest_route=%2Fwp%2Fv2%2Fcomments&post=9463"}],"version-history":[{"count":1,"href":"https:\/\/zonaroja.com.mx\/index.php?rest_route=\/wp\/v2\/posts\/9463\/revisions"}],"predecessor-version":[{"id":9465,"href":"https:\/\/zonaroja.com.mx\/index.php?rest_route=\/wp\/v2\/posts\/9463\/revisions\/9465"}],"wp:featuredmedia":[{"embeddable":true,"href":"https:\/\/zonaroja.com.mx\/index.php?rest_route=\/wp\/v2\/media\/9464"}],"wp:attachment":[{"href":"https:\/\/zonaroja.com.mx\/index.php?rest_route=%2Fwp%2Fv2%2Fmedia&parent=9463"}],"wp:term":[{"taxonomy":"category","embeddable":true,"href":"https:\/\/zonaroja.com.mx\/index.php?rest_route=%2Fwp%2Fv2%2Fcategories&post=9463"},{"taxonomy":"post_tag","embeddable":true,"href":"https:\/\/zonaroja.com.mx\/index.php?rest_route=%2Fwp%2Fv2%2Ftags&post=9463"}],"curies":[{"name":"wp","href":"https:\/\/api.w.org\/{rel}","templated":true}]}}