{"id":9477,"date":"2020-03-04T07:55:15","date_gmt":"2020-03-04T13:55:15","guid":{"rendered":"http:\/\/www.zonaroja.com.mx\/?p=9477"},"modified":"2020-03-04T07:55:19","modified_gmt":"2020-03-04T13:55:19","slug":"firman-convenio-poder-judicial-y-colegio-oaxaqueno-de-doctores","status":"publish","type":"post","link":"https:\/\/zonaroja.com.mx\/?p=9477","title":{"rendered":"Firman convenio Poder Judicial y Colegio Oaxaque\u00f1o de Doctores"},"content":{"rendered":"\n<p>Redacci\u00f3n\/Zona Roja.<\/p>\n\n\n\n<p>Oaxaca de Ju\u00e1rez, Oax., 4 de marzo de\n2020.- A fin de impulsar y fortalecer la eficiencia en la administraci\u00f3n de\njusticia, a trav\u00e9s de la profesionalizaci\u00f3n de las y los operadores jur\u00eddicos,\nel titular del Poder Judicial del Estado, Eduardo Pinacho S\u00e1nchez, y el\npresidente del Colegio Oaxaque\u00f1o de Doctores en Derecho, \u00d3scar Javier Jarqu\u00edn\nRodr\u00edguez, firmaron un convenio de colaboraci\u00f3n acad\u00e9mica.<\/p>\n\n\n\n<p>Con esta suma de esfuerzos, integrantes\nde dicho Colegio colaborar\u00e1n en actividades de capacitaci\u00f3n a trav\u00e9s de\nconferencias, talleres, coloquios y mesas de trabajo, como estrategias para la\nactualizaci\u00f3n de magistradas, magistrados, jueces, actuarios, secretarios\njudiciales y dem\u00e1s servidores p\u00fablicos responsables de la resoluci\u00f3n de los\ncasos que se atienden en los juzgados y salas del Tribunal Superior de\nJusticia.<\/p>\n\n\n\n<p>En el acto, realizado en el Consejo de\nla Judicatura, donde estuvieron presentes integrantes de la agrupaci\u00f3n, el\nmagistrado Pinacho S\u00e1nchez reconoci\u00f3 que la justicia no puede ser efectiva si\nno hay capacitaci\u00f3n constante, por lo cual, la vinculaci\u00f3n acad\u00e9mica con los\nexpertos del Derecho, es un elemento fundamental para que la labor de las y los\njuzgadores sea eficiente y cada vez m\u00e1s sensible y humana, como es premisa en\nsu gesti\u00f3n.<\/p>\n\n\n\n<p>\u201cLa idea de suscribir este convenio es\ncumplirlo a trav\u00e9s de acciones concretas, gracias a las cuales, los expertos en\nDerecho puedan impartir cursos, conversatorios y dem\u00e1s esquemas de diferente\n\u00edndole, de car\u00e1cter acad\u00e9mico, para la eficiencia de la funci\u00f3n judicial\u201d,\nse\u00f1al\u00f3.<\/p>\n\n\n\n<p>Adem\u00e1s, destac\u00f3 que la justicia no puede\nser efectiva si el trabajo no se realiza en condiciones dignas; por ello,\naunado a la estrategia de capacitaci\u00f3n, desde su administraci\u00f3n se impulsa la\ndignificaci\u00f3n de los juzgados y tribunales, ya que en algunos lugares se\nimparte justicia sin los elementos m\u00e1s b\u00e1sicos, lo que repercute en el\ndesempe\u00f1o de las y los juzgadores.<\/p>\n\n\n\n<p>Por su parte, el doctor \u00d3scar Jarqu\u00edn\nRodr\u00edguez, reconoci\u00f3 la labor y trayectoria del magistrado Eduardo Pinacho\nS\u00e1nchez y reafirm\u00f3 el inter\u00e9s del Colegio para abonar a mejorar los procesos y\ndesde su experiencia profesional, atender algunas deficiencias, entre ellas\ncapacitar para reducir la dilaci\u00f3n de los procesos, as\u00ed como para combatir\nactos de corrupci\u00f3n.<\/p>\n\n\n\n<p>\u201cEste acto es trascendental para\nnosotros, porque podemos vincular nuestros conocimientos a la labor judicial y\njuntos atender la demanda social de acceder una administraci\u00f3n de justicia m\u00e1s\neficiente, pronta y transparente, respecto a la atenci\u00f3n de todas las\ncontroversias\u201d, concluy\u00f3.<\/p>\n","protected":false},"excerpt":{"rendered":"<p>Redacci\u00f3n\/Zona Roja. Oaxaca de Ju\u00e1rez, Oax., 4 de marzo de 2020.- A fin de impulsar&hellip;<\/p>\n","protected":false},"author":2,"featured_media":9478,"comment_status":"closed","ping_status":"open","sticky":false,"template":"","format":"standard","meta":{"_lmt_disableupdate":"","_lmt_disable":"","_jetpack_memberships_contains_paid_content":false,"footnotes":""},"categories":[109,47],"tags":[1225,223],"class_list":["post-9477","post","type-post","status-publish","format-standard","has-post-thumbnail","hentry","category-minuto-a-minuto","category-zona-gris","tag-eduardo-pinacho-sanchez","tag-poder-judicial-de-oaxaca"],"jetpack_featured_media_url":"https:\/\/zonaroja.com.mx\/wp-content\/uploads\/2020\/03\/03-Firma-convenio-Doctores-en-Derecho.jpg","jetpack_sharing_enabled":true,"_links":{"self":[{"href":"https:\/\/zonaroja.com.mx\/index.php?rest_route=\/wp\/v2\/posts\/9477","targetHints":{"allow":["GET"]}}],"collection":[{"href":"https:\/\/zonaroja.com.mx\/index.php?rest_route=\/wp\/v2\/posts"}],"about":[{"href":"https:\/\/zonaroja.com.mx\/index.php?rest_route=\/wp\/v2\/types\/post"}],"author":[{"embeddable":true,"href":"https:\/\/zonaroja.com.mx\/index.php?rest_route=\/wp\/v2\/users\/2"}],"replies":[{"embeddable":true,"href":"https:\/\/zonaroja.com.mx\/index.php?rest_route=%2Fwp%2Fv2%2Fcomments&post=9477"}],"version-history":[{"count":1,"href":"https:\/\/zonaroja.com.mx\/index.php?rest_route=\/wp\/v2\/posts\/9477\/revisions"}],"predecessor-version":[{"id":9479,"href":"https:\/\/zonaroja.com.mx\/index.php?rest_route=\/wp\/v2\/posts\/9477\/revisions\/9479"}],"wp:featuredmedia":[{"embeddable":true,"href":"https:\/\/zonaroja.com.mx\/index.php?rest_route=\/wp\/v2\/media\/9478"}],"wp:attachment":[{"href":"https:\/\/zonaroja.com.mx\/index.php?rest_route=%2Fwp%2Fv2%2Fmedia&parent=9477"}],"wp:term":[{"taxonomy":"category","embeddable":true,"href":"https:\/\/zonaroja.com.mx\/index.php?rest_route=%2Fwp%2Fv2%2Fcategories&post=9477"},{"taxonomy":"post_tag","embeddable":true,"href":"https:\/\/zonaroja.com.mx\/index.php?rest_route=%2Fwp%2Fv2%2Ftags&post=9477"}],"curies":[{"name":"wp","href":"https:\/\/api.w.org\/{rel}","templated":true}]}}