{"id":9480,"date":"2020-03-04T07:58:49","date_gmt":"2020-03-04T13:58:49","guid":{"rendered":"http:\/\/www.zonaroja.com.mx\/?p=9480"},"modified":"2020-03-04T07:58:53","modified_gmt":"2020-03-04T13:58:53","slug":"acuerdan-colaboracion-congreso-local-y-el-instituto-tecnologico-de-oaxaca","status":"publish","type":"post","link":"https:\/\/zonaroja.com.mx\/?p=9480","title":{"rendered":"Acuerdan colaboraci\u00f3n Congreso local y el Instituto Tecnol\u00f3gico de Oaxaca"},"content":{"rendered":"\n<p>Redacci\u00f3n\/Zona Roja.<\/p>\n\n\n\n<p>Oaxaca de Ju\u00e1rez, Oax, 4 de marzo de\n2020.- El Congreso del Estado y el Instituto Tecnol\u00f3gico de Oaxaca (ITO),\nfirmaron un convenio de colaboraci\u00f3n institucional, que permita traer a la\nacademia, a la acci\u00f3n legislativa.<\/p>\n\n\n\n<p>Al respecto, el diputado Horacio Sosa\nVillavicencio, presidente de la Junta de Coordinaci\u00f3n Pol\u00edtica (Jucopo) del\nCongreso Local, precis\u00f3 que la firma, abre el marco de colaboraci\u00f3n y pone las\nbases para convenios espec\u00edficos posteriores.<\/p>\n\n\n\n<p>Adelant\u00f3 que se prev\u00e9 que estudiantes y\npasantes del ITO, realicen su servicio social o residencia profesional en el\nCongreso y estancias temporales de docentes investigadores, un recurso de alto\nvalor que el Legislativo aprovechar\u00e1 al m\u00e1ximo.<\/p>\n\n\n\n<p>Afirm\u00f3 que la diputaci\u00f3n \u201ctendr\u00e1 aqu\u00ed\nmismo al hombre y a la mujer especialista que aportar\u00e1 sus conocimientos y\nexperiencia en diferentes materias, que pueden ser de gran utilidad, aplicados\npara dictaminar o formular iniciativas\u201d. <\/p>\n\n\n\n<p>Asimismo, se contempla la realizaci\u00f3n de\ncursos, seminarios, conferencias, exposiciones, talleres y otros eventos que\nfaciliten un punto de encuentro, entre el conocimiento acad\u00e9mico y la sociedad\nen general.<\/p>\n\n\n\n<p>En tanto, el legislador No\u00e9 Doroteo\nCastillejos, integrante de la Jucopo, asegur\u00f3 que el instituto tiene mucha\ninvestigaci\u00f3n, a grandes responsables del \u00e1rea, por lo que es necesaria una\nvinculaci\u00f3n con el Legislativo, y a su vez, con las comunidades de Oaxaca que\nas\u00ed lo necesitan.<\/p>\n\n\n\n<p>\u201cEste convenio puede ayudar, para que\nlos que conocen, los que hacen academia e investigaci\u00f3n, nos ayuden, orienten y\nden su punto de vista, porque la pol\u00edtica se ayuda mejor si se hace con apoyo\nde la t\u00e9cnica, permite hacer mejores leyes o reglamentos para Oaxaca\u201d.<\/p>\n\n\n\n<p>En su turno, el director del ITO,\nFernando Toledo Toledo, agradeci\u00f3 a los representantes del Legislativo la\noportunidad y confianza hacia las instituciones de educaci\u00f3n superior, para\nformar mejores ciudadanos para la vida y mejores profesionistas.<\/p>\n\n\n\n<p>\u201cEn Oaxaca hay mucho talento con el que\nse puede trabajar e impactar directamente para el bienestar de las familias de\nla entidad\u201d, agreg\u00f3.<\/p>\n\n\n\n<p>En su turno, la estudiante Silvia\nV\u00e1squez S\u00e1nchez, presidenta del Consejo Estudiantil del tecnol\u00f3gico de Oaxaca,\nreconoci\u00f3 que los y las congresistas, tienen la disposici\u00f3n de trabajar a favor\nde la juventud, de modo que la firma de convenio representa el inicio de muchas\ncosas m\u00e1s.<\/p>\n\n\n\n<p>En este acto, atestiguaron la firma de\nconvenio, las diputadas Delfina Elizabeth Guzm\u00e1n D\u00edaz, Laura Estrada Mauro,\nArcelia L\u00f3pez Hern\u00e1ndez, Elena Cuevas Hern\u00e1ndez, Elisa Zepeda Lagunas y el\nlegislador Emilio Joaqu\u00edn Garc\u00eda Aguilar.<\/p>\n","protected":false},"excerpt":{"rendered":"<p>Redacci\u00f3n\/Zona Roja. Oaxaca de Ju\u00e1rez, Oax, 4 de marzo de 2020.- El Congreso del Estado&hellip;<\/p>\n","protected":false},"author":2,"featured_media":9481,"comment_status":"closed","ping_status":"open","sticky":false,"template":"","format":"standard","meta":{"_lmt_disableupdate":"","_lmt_disable":"","_jetpack_memberships_contains_paid_content":false,"footnotes":""},"categories":[109,46],"tags":[444],"class_list":["post-9480","post","type-post","status-publish","format-standard","has-post-thumbnail","hentry","category-minuto-a-minuto","category-zona-blanca","tag-horacio-sosa-villavicencio"],"jetpack_featured_media_url":"https:\/\/zonaroja.com.mx\/wp-content\/uploads\/2020\/03\/FOTO-2.1-Diputadas-y-diputados-locales-de-Oaxaca.jpg","jetpack_sharing_enabled":true,"_links":{"self":[{"href":"https:\/\/zonaroja.com.mx\/index.php?rest_route=\/wp\/v2\/posts\/9480","targetHints":{"allow":["GET"]}}],"collection":[{"href":"https:\/\/zonaroja.com.mx\/index.php?rest_route=\/wp\/v2\/posts"}],"about":[{"href":"https:\/\/zonaroja.com.mx\/index.php?rest_route=\/wp\/v2\/types\/post"}],"author":[{"embeddable":true,"href":"https:\/\/zonaroja.com.mx\/index.php?rest_route=\/wp\/v2\/users\/2"}],"replies":[{"embeddable":true,"href":"https:\/\/zonaroja.com.mx\/index.php?rest_route=%2Fwp%2Fv2%2Fcomments&post=9480"}],"version-history":[{"count":1,"href":"https:\/\/zonaroja.com.mx\/index.php?rest_route=\/wp\/v2\/posts\/9480\/revisions"}],"predecessor-version":[{"id":9482,"href":"https:\/\/zonaroja.com.mx\/index.php?rest_route=\/wp\/v2\/posts\/9480\/revisions\/9482"}],"wp:featuredmedia":[{"embeddable":true,"href":"https:\/\/zonaroja.com.mx\/index.php?rest_route=\/wp\/v2\/media\/9481"}],"wp:attachment":[{"href":"https:\/\/zonaroja.com.mx\/index.php?rest_route=%2Fwp%2Fv2%2Fmedia&parent=9480"}],"wp:term":[{"taxonomy":"category","embeddable":true,"href":"https:\/\/zonaroja.com.mx\/index.php?rest_route=%2Fwp%2Fv2%2Fcategories&post=9480"},{"taxonomy":"post_tag","embeddable":true,"href":"https:\/\/zonaroja.com.mx\/index.php?rest_route=%2Fwp%2Fv2%2Ftags&post=9480"}],"curies":[{"name":"wp","href":"https:\/\/api.w.org\/{rel}","templated":true}]}}