{"id":9488,"date":"2020-03-04T18:02:35","date_gmt":"2020-03-05T00:02:35","guid":{"rendered":"https:\/\/www.zonaroja.com.mx\/?p=9488"},"modified":"2020-03-04T18:02:37","modified_gmt":"2020-03-05T00:02:37","slug":"ya-es-delito-agresion-con-acido-a-mujeres-en-oaxaca-lo-aprueba-el-congreso","status":"publish","type":"post","link":"https:\/\/zonaroja.com.mx\/?p=9488","title":{"rendered":"Ya es delito agresi\u00f3n con \u00e1cido a mujeres en Oaxaca; lo aprueba el Congreso"},"content":{"rendered":"\n<p>Yuridiana Sosa\/Zona Roja. <br>Oaxaca de Ju\u00e1rez, Oax., 4 de marzo de 2020.- El Congreso de Oaxaca aprob\u00f3 hoy modificaciones al C\u00f3digo Penal para que las agresiones con agentes f\u00edsicos, qu\u00edmicos y sustancias corrosivas contra una mujer, sean consideradas un delito.<\/p>\n\n\n\n<p>Con 29 votos, la 64 legislatura local vot\u00f3 a favor de sancionar de forma espec\u00edfica esta agresi\u00f3n luego del ataque con \u00e1cido a la saxofonista Mar\u00eda Elena R\u00edos el pasado mes de septiembre, por el que a\u00fan no se alcanza justifica y del cu\u00e1l el autor intelectual se encuentra pr\u00f3fugo.<br><\/p>\n\n\n\n<p>Con esta aprobaci\u00f3n se modificaron los Art\u00edculos 412 A y 412 B, del C\u00f3digo Penal de Oaxaca, donde se establecen las sanciones de hasta 40 a\u00f1os de prisi\u00f3n para el agresor.<br>El autor material intelectual del ataque podr\u00eda recibir hasta 30 a\u00f1os de prisi\u00f3n; pero adem\u00e1s, sin entre la persona agresora y la v\u00edctima existi\u00f3 una relaci\u00f3n de parentesco, afinidad, matrimonio, concubinato o noviazgo, la pena ser\u00e1 de 30 a 40 a\u00f1os de prisi\u00f3n.<br><\/p>\n\n\n\n<p>Con la reforma a estos art\u00edculos, cuando la agresi\u00f3n cause destrucci\u00f3n de cualquier funci\u00f3n org\u00e1nica, deformidad, da\u00f1o permanente o de formaci\u00f3n incorregible del rostro de la v\u00edctima las penas aumentar\u00edan hasta en dos tercios partes de la m\u00e1xima.<br>Estas sanciones se impondr\u00e1n con dependencia de otros delitos que se lleguen a configurar durante la agresi\u00f3n.<br><\/p>\n\n\n\n<p>El ataque contra Mar\u00eda Elena caus\u00f3 una mayor indignaci\u00f3n y alerta social al darse a conocer que la desatenci\u00f3n institucional de los servicios de salud y de justicia podr\u00edan deberse a que en la agresi\u00f3n est\u00e1 involucrado el ex diputado local por el PRI, Juan Antonio Vera Carrizal, hoy buscado por la justicia.<\/p>\n","protected":false},"excerpt":{"rendered":"<p>Yuridiana Sosa\/Zona Roja. Oaxaca de Ju\u00e1rez, Oax., 4 de marzo de 2020.- El Congreso de&hellip;<\/p>\n","protected":false},"author":2,"featured_media":9487,"comment_status":"closed","ping_status":"open","sticky":false,"template":"","format":"standard","meta":{"_lmt_disableupdate":"","_lmt_disable":"","_jetpack_memberships_contains_paid_content":false,"footnotes":""},"categories":[109,46],"tags":[],"class_list":["post-9488","post","type-post","status-publish","format-standard","has-post-thumbnail","hentry","category-minuto-a-minuto","category-zona-blanca"],"jetpack_featured_media_url":"https:\/\/zonaroja.com.mx\/wp-content\/uploads\/2020\/03\/b3fd5572-c527-49a2-9916-bb857f1d12f6.jpg","jetpack_sharing_enabled":true,"_links":{"self":[{"href":"https:\/\/zonaroja.com.mx\/index.php?rest_route=\/wp\/v2\/posts\/9488","targetHints":{"allow":["GET"]}}],"collection":[{"href":"https:\/\/zonaroja.com.mx\/index.php?rest_route=\/wp\/v2\/posts"}],"about":[{"href":"https:\/\/zonaroja.com.mx\/index.php?rest_route=\/wp\/v2\/types\/post"}],"author":[{"embeddable":true,"href":"https:\/\/zonaroja.com.mx\/index.php?rest_route=\/wp\/v2\/users\/2"}],"replies":[{"embeddable":true,"href":"https:\/\/zonaroja.com.mx\/index.php?rest_route=%2Fwp%2Fv2%2Fcomments&post=9488"}],"version-history":[{"count":1,"href":"https:\/\/zonaroja.com.mx\/index.php?rest_route=\/wp\/v2\/posts\/9488\/revisions"}],"predecessor-version":[{"id":9489,"href":"https:\/\/zonaroja.com.mx\/index.php?rest_route=\/wp\/v2\/posts\/9488\/revisions\/9489"}],"wp:featuredmedia":[{"embeddable":true,"href":"https:\/\/zonaroja.com.mx\/index.php?rest_route=\/wp\/v2\/media\/9487"}],"wp:attachment":[{"href":"https:\/\/zonaroja.com.mx\/index.php?rest_route=%2Fwp%2Fv2%2Fmedia&parent=9488"}],"wp:term":[{"taxonomy":"category","embeddable":true,"href":"https:\/\/zonaroja.com.mx\/index.php?rest_route=%2Fwp%2Fv2%2Fcategories&post=9488"},{"taxonomy":"post_tag","embeddable":true,"href":"https:\/\/zonaroja.com.mx\/index.php?rest_route=%2Fwp%2Fv2%2Ftags&post=9488"}],"curies":[{"name":"wp","href":"https:\/\/api.w.org\/{rel}","templated":true}]}}