{"id":9490,"date":"2020-03-04T20:17:44","date_gmt":"2020-03-05T02:17:44","guid":{"rendered":"http:\/\/www.zonaroja.com.mx\/?p=9490"},"modified":"2020-03-04T20:17:48","modified_gmt":"2020-03-05T02:17:48","slug":"pifia-del-gobierno-de-davila-en-tuxtepec-con-un-dia-sin-ambulantes","status":"publish","type":"post","link":"https:\/\/zonaroja.com.mx\/?p=9490","title":{"rendered":"Pifia del gobierno de D\u00e1vila en Tuxtepec con \u201cun d\u00eda sin ambulantes\u201d"},"content":{"rendered":"\n<p>Yuridiana Sosa\/Zona Roja.<\/p>\n\n\n\n<p>San Juan Bautista Tuxtepec, Oax., 4 de\nmarzo de 2020.- El gobierno municipal de Tuxtepec, que encabeza Fernando\nBautista D\u00e1vila, program\u00f3 para este mi\u00e9rcoles 4 de marzo su primer d\u00eda sin\ncomercio ambulante, el cual se vino abajo por falta de acuerdos.<\/p>\n\n\n\n<p>La Direcci\u00f3n de Comercio anunci\u00f3 desde\ninicio de a\u00f1o el proyecto a fin de dar un respiro a las calles por lo menos un\nd\u00eda cada mes, planeada para cada primer mi\u00e9rcoles. La primera fecha se previ\u00f3\npara febrero, despu\u00e9s para marzo, pero por \u201cfalta de tiempo\u201d, ahora pretenden\nejecutarlo en abril.<\/p>\n\n\n\n<p>Este mi\u00e9rcoles, las calles del centro de la ciudad nuevamente se invadieron por cientos de comerciantes agrupados en distintas organizaciones, una de estas y la m\u00e1s numerosa es la Uni\u00f3n General Obrera Campesina Popular (UGOCEP), liderada por Benjam\u00edn Tom\u00e1s Miguel, padre de la directora de Unidad de Transparencia del ayuntamiento de Tuxtepec, Blanca Estela Tom\u00e1s Meza.<\/p>\n\n\n\n<figure class=\"wp-block-image\"><img decoding=\"async\" width=\"1024\" height=\"768\" src=\"http:\/\/www.zonaroja.com.mx\/wp-content\/uploads\/2020\/03\/Ambulantes-Tuxtepec-3-1024x768.jpg\" alt=\"\" class=\"wp-image-9492\" srcset=\"https:\/\/zonaroja.com.mx\/wp-content\/uploads\/2020\/03\/Ambulantes-Tuxtepec-3-1024x768.jpg 1024w, https:\/\/zonaroja.com.mx\/wp-content\/uploads\/2020\/03\/Ambulantes-Tuxtepec-3-300x225.jpg 300w, https:\/\/zonaroja.com.mx\/wp-content\/uploads\/2020\/03\/Ambulantes-Tuxtepec-3-768x576.jpg 768w, https:\/\/zonaroja.com.mx\/wp-content\/uploads\/2020\/03\/Ambulantes-Tuxtepec-3-1170x878.jpg 1170w, https:\/\/zonaroja.com.mx\/wp-content\/uploads\/2020\/03\/Ambulantes-Tuxtepec-3-585x439.jpg 585w, https:\/\/zonaroja.com.mx\/wp-content\/uploads\/2020\/03\/Ambulantes-Tuxtepec-3.jpg 1280w\" sizes=\"(max-width: 1024px) 100vw, 1024px\" \/><\/figure>\n\n\n\n<p>La suspensi\u00f3n de la fecha no se anunci\u00f3\npor el gobierno municipal, por lo que la ciudadan\u00eda esperaba ver las calles\ndesocupadas como se anunci\u00f3 con anterioridad.<\/p>\n\n\n\n<p>De acuerdo con el ayuntamiento, el\npadr\u00f3n de comerciantes informales en v\u00eda p\u00fablica con c\u00e9dulas es de 776, quienes\ndiariamente pagan entre 18 y 16 pesos al ayuntamiento municipal.<\/p>\n\n\n\n<p>Sin embargo, existen decenas m\u00e1s que no\ncuentan con permiso, pero pagan diariamente por vender; as\u00ed como de forma\ncontinua se aprecian cada vez m\u00e1s vendedores en distintos puntos dentro y fuera\ndel primer cuadro de la ciudad.<\/p>\n\n\n\n<p>El director de Comercio, Jimmy Davis\nSantos, excus\u00f3 que por falta de tiempo no se llev\u00f3 a cabo el proyecto, pues no\nse logr\u00f3 dialogar con todas las organizaciones de forma anticipada.<\/p>\n\n\n\n<p>Pero dentro de las actividades que\ntienen previstas para el mi\u00e9rcoles 1 de abril es la limpieza de calles, as\u00ed\ncomo se acord\u00f3 recientemente con los l\u00edderes de las organizaciones que cada\ndomingo del mes de marzo van a pintar las delimitaciones de los puestos en las\ncalles, as\u00ed como las banquetas, entre otras tareas.<\/p>\n","protected":false},"excerpt":{"rendered":"<p>Yuridiana Sosa\/Zona Roja. San Juan Bautista Tuxtepec, Oax., 4 de marzo de 2020.- El gobierno&hellip;<\/p>\n","protected":false},"author":2,"featured_media":9491,"comment_status":"closed","ping_status":"open","sticky":false,"template":"","format":"standard","meta":{"_lmt_disableupdate":"","_lmt_disable":"","_jetpack_memberships_contains_paid_content":false,"footnotes":""},"categories":[109,47],"tags":[118],"class_list":["post-9490","post","type-post","status-publish","format-standard","has-post-thumbnail","hentry","category-minuto-a-minuto","category-zona-gris","tag-san-juan-bautista-tuxtepec"],"jetpack_featured_media_url":"https:\/\/zonaroja.com.mx\/wp-content\/uploads\/2020\/03\/Ambulantes-Tuxtepec-2.jpg","jetpack_sharing_enabled":true,"_links":{"self":[{"href":"https:\/\/zonaroja.com.mx\/index.php?rest_route=\/wp\/v2\/posts\/9490","targetHints":{"allow":["GET"]}}],"collection":[{"href":"https:\/\/zonaroja.com.mx\/index.php?rest_route=\/wp\/v2\/posts"}],"about":[{"href":"https:\/\/zonaroja.com.mx\/index.php?rest_route=\/wp\/v2\/types\/post"}],"author":[{"embeddable":true,"href":"https:\/\/zonaroja.com.mx\/index.php?rest_route=\/wp\/v2\/users\/2"}],"replies":[{"embeddable":true,"href":"https:\/\/zonaroja.com.mx\/index.php?rest_route=%2Fwp%2Fv2%2Fcomments&post=9490"}],"version-history":[{"count":1,"href":"https:\/\/zonaroja.com.mx\/index.php?rest_route=\/wp\/v2\/posts\/9490\/revisions"}],"predecessor-version":[{"id":9493,"href":"https:\/\/zonaroja.com.mx\/index.php?rest_route=\/wp\/v2\/posts\/9490\/revisions\/9493"}],"wp:featuredmedia":[{"embeddable":true,"href":"https:\/\/zonaroja.com.mx\/index.php?rest_route=\/wp\/v2\/media\/9491"}],"wp:attachment":[{"href":"https:\/\/zonaroja.com.mx\/index.php?rest_route=%2Fwp%2Fv2%2Fmedia&parent=9490"}],"wp:term":[{"taxonomy":"category","embeddable":true,"href":"https:\/\/zonaroja.com.mx\/index.php?rest_route=%2Fwp%2Fv2%2Fcategories&post=9490"},{"taxonomy":"post_tag","embeddable":true,"href":"https:\/\/zonaroja.com.mx\/index.php?rest_route=%2Fwp%2Fv2%2Ftags&post=9490"}],"curies":[{"name":"wp","href":"https:\/\/api.w.org\/{rel}","templated":true}]}}