{"id":9494,"date":"2020-03-04T21:06:42","date_gmt":"2020-03-05T03:06:42","guid":{"rendered":"http:\/\/www.zonaroja.com.mx\/?p=9494"},"modified":"2020-03-04T21:08:55","modified_gmt":"2020-03-05T03:08:55","slug":"hallan-dos-personas-sin-vida-en-playas-de-oaxaca-una-naufrago-de-san-dionisio","status":"publish","type":"post","link":"https:\/\/zonaroja.com.mx\/?p=9494","title":{"rendered":"Hallan dos personas sin vida en playas de Oaxaca; una, n\u00e1ufrago de San Dionisio"},"content":{"rendered":"\n<p>Redacci\u00f3n\/Zona Roja. <\/p>\n\n\n\n<p>Oaxaca de Ju\u00e1rez, Oax., 4 de marzo de 2020.-\nDos personas fueron halladas sin vida en las \u00faltimas 24 horas en playas de\nOaxaca, una de las cuales es del n\u00e1ufrago de San Dionisio del Mar.<\/p>\n\n\n\n<p>El primer cuerpo fue localizado ayer en\nestado de putrefacci\u00f3n, en la playa Rancho La Parota, del municipio de Santa\nMar\u00eda Colotepec, Pochutla. <\/p>\n\n\n\n<p>Hasta hoy la v\u00edctima no ha sido\nidentificada y se encuentra en una funeraria, tras haberle practicado la\nnecropsia de ley.<\/p>\n\n\n\n<p>En tanto, en la bocabarra de la\ncomunidad de Huam\u00fachil, San Dioniso del Mar, fue localizado el cuerpo del\npescador \u00c1lvaro T. M., de 43 a\u00f1os, con lo cual autoridades dieron por concluido\nel operativo b\u00fasqueda y rescate implementado por diferentes dependencias en la\nzona.<\/p>\n\n\n\n<p>La Coordinaci\u00f3n Estatal de Protecci\u00f3n\nCivil de Oaxaca (CEPCO) indic\u00f3 que desde el pasado 26 de febrero se activaron\nlos protocolos de b\u00fasqueda y rescate por la desaparici\u00f3n de dos pangas con seis\npescadores a bordo.<\/p>\n\n\n\n<p>Un d\u00eda despu\u00e9s, el 27 de febrero, fueron\nlocalizados cuatro pescadores con vida, en tanto el lunes 2 de marzo el cuerpo\nde un joven de 16 a\u00f1os apareci\u00f3 en la bocabarra y este mi\u00e9rcoles un segundo\ncuerpo, correspondiente a \u00c1lvaro T. M. se localiz\u00f3 en la misma zona.<\/p>\n\n\n\n<p>A\u00f1adi\u00f3 que con estas acciones concluyen\nlos trabajos de coordinaci\u00f3n entre la CEPCO, autoridades municipales y la\nSecretar\u00eda de Marina.<\/p>\n","protected":false},"excerpt":{"rendered":"<p>Redacci\u00f3n\/Zona Roja. Oaxaca de Ju\u00e1rez, Oax., 4 de marzo de 2020.- Dos personas fueron halladas&hellip;<\/p>\n","protected":false},"author":2,"featured_media":9495,"comment_status":"closed","ping_status":"open","sticky":false,"template":"","format":"standard","meta":{"_lmt_disableupdate":"","_lmt_disable":"","_jetpack_memberships_contains_paid_content":false,"footnotes":""},"categories":[109,47],"tags":[1467],"class_list":["post-9494","post","type-post","status-publish","format-standard","has-post-thumbnail","hentry","category-minuto-a-minuto","category-zona-gris","tag-muertos-playas-de-oaxaca"],"jetpack_featured_media_url":"https:\/\/zonaroja.com.mx\/wp-content\/uploads\/2020\/03\/f2334289-1156-436a-9c14-b3be81867fba.jpg","jetpack_sharing_enabled":true,"_links":{"self":[{"href":"https:\/\/zonaroja.com.mx\/index.php?rest_route=\/wp\/v2\/posts\/9494","targetHints":{"allow":["GET"]}}],"collection":[{"href":"https:\/\/zonaroja.com.mx\/index.php?rest_route=\/wp\/v2\/posts"}],"about":[{"href":"https:\/\/zonaroja.com.mx\/index.php?rest_route=\/wp\/v2\/types\/post"}],"author":[{"embeddable":true,"href":"https:\/\/zonaroja.com.mx\/index.php?rest_route=\/wp\/v2\/users\/2"}],"replies":[{"embeddable":true,"href":"https:\/\/zonaroja.com.mx\/index.php?rest_route=%2Fwp%2Fv2%2Fcomments&post=9494"}],"version-history":[{"count":1,"href":"https:\/\/zonaroja.com.mx\/index.php?rest_route=\/wp\/v2\/posts\/9494\/revisions"}],"predecessor-version":[{"id":9496,"href":"https:\/\/zonaroja.com.mx\/index.php?rest_route=\/wp\/v2\/posts\/9494\/revisions\/9496"}],"wp:featuredmedia":[{"embeddable":true,"href":"https:\/\/zonaroja.com.mx\/index.php?rest_route=\/wp\/v2\/media\/9495"}],"wp:attachment":[{"href":"https:\/\/zonaroja.com.mx\/index.php?rest_route=%2Fwp%2Fv2%2Fmedia&parent=9494"}],"wp:term":[{"taxonomy":"category","embeddable":true,"href":"https:\/\/zonaroja.com.mx\/index.php?rest_route=%2Fwp%2Fv2%2Fcategories&post=9494"},{"taxonomy":"post_tag","embeddable":true,"href":"https:\/\/zonaroja.com.mx\/index.php?rest_route=%2Fwp%2Fv2%2Ftags&post=9494"}],"curies":[{"name":"wp","href":"https:\/\/api.w.org\/{rel}","templated":true}]}}