{"id":9497,"date":"2020-03-04T21:42:18","date_gmt":"2020-03-05T03:42:18","guid":{"rendered":"http:\/\/www.zonaroja.com.mx\/?p=9497"},"modified":"2020-03-04T21:42:21","modified_gmt":"2020-03-05T03:42:21","slug":"aprueban-segundo-exhorto-al-fiscal-por-caso-maria-del-sol-le-advierten-juicio-politico","status":"publish","type":"post","link":"https:\/\/zonaroja.com.mx\/?p=9497","title":{"rendered":"Aprueban segundo exhorto al fiscal por caso Mar\u00eda del Sol; le advierten juicio pol\u00edtico"},"content":{"rendered":"\n<p>Evlin Arag\u00f3n\/Zona Roja.<\/p>\n\n\n\n<p>Oaxaca de Ju\u00e1rez, Oax., 4 de marzo de\n2020.- El Congreso del Estado analiza un segundo exhorto al titular de la Fiscal\u00eda\nGeneral del Estado, Rub\u00e9n Vasconcelos M\u00e9ndez, para que act\u00fae con la debida\ndiligencia en las investigaciones por el asesinato de la fotoperiodista Mar\u00eda\ndel Sol Cruz Jarqu\u00edn, suscitado el 2 de junio del 2018, sin que hasta la fecha\nexistan avances considerables al respecto.<\/p>\n\n\n\n<p>Esta es propuesta de Punto de Acuerdo de\nla diputada local por el Partido Morena, Magaly L\u00f3pez Dom\u00ednguez, quien refiere\nque los actos u omisiones del fiscal en este caso podr\u00edan derivar en un juicio\npol\u00edtico, en contra del funcionario por el que tendr\u00eda incluso que separarse\ndel cargo o inhabilitarlo de forma permanente.<\/p>\n\n\n\n<p>\u201cLa 64 del Congreso del Estado Libre y\nSoberano de Oaxaca exhorta al titular de la Fiscal\u00eda General del Estado, Rub\u00e9n\nVasconcelos M\u00e9ndez, a actuar con la debida diligencia en las investigaciones\npor el asesinato de la fotoperiodista Mar\u00eda del Sol Cruz Jarqu\u00edn.<\/p>\n\n\n\n<p>\u201cApercibi\u00e9ndole de que sus actos u\nomisiones que redunden en perjuicio de los intereses p\u00fablicos fundamentales o\nde su buen despacho, son causales de juicio pol\u00edtico mediante el cual se puede\nimponer su destituci\u00f3n y en su caso inhabilitaci\u00f3n para el servicio p\u00fablico\u201d,\ncita el documento.<\/p>\n\n\n\n<p>De acuerdo con la legisladora, el caso de la fotoperiodista pone al descubierto una realidad lacerante y perversa, ya denunciada la periodista Soledad Jarqu\u00edn &#8211;madre de la joven&#8211; misma que refiere que la justicia es obstruida por quienes deber\u00edan procurarla.<\/p>\n\n\n\n<figure class=\"wp-block-image\"><img decoding=\"async\" width=\"640\" height=\"480\" src=\"http:\/\/www.zonaroja.com.mx\/wp-content\/uploads\/2020\/03\/Justicia-para-Sol-2.png\" alt=\"\" class=\"wp-image-9499\" srcset=\"https:\/\/zonaroja.com.mx\/wp-content\/uploads\/2020\/03\/Justicia-para-Sol-2.png 640w, https:\/\/zonaroja.com.mx\/wp-content\/uploads\/2020\/03\/Justicia-para-Sol-2-300x225.png 300w, https:\/\/zonaroja.com.mx\/wp-content\/uploads\/2020\/03\/Justicia-para-Sol-2-585x439.png 585w\" sizes=\"(max-width: 640px) 100vw, 640px\" \/><\/figure>\n\n\n\n<p>\u201cEl nombre de Mar\u00eda del Sol Cruz Jarqu\u00edn\nexhibe la impunidad, que en el estado de Oaxaca es generalizada, ante una\nFiscal\u00eda impasible que no cumple sus obligaciones\u201d, refiere la diputada en su\npunto de acuerdo.<\/p>\n\n\n\n<p>L\u00f3pez Dom\u00ednguez recuerda que hace un\na\u00f1o, en sesi\u00f3n ordinaria del 27 de febrero de 2019, el Congreso del Estado hizo\nun primer exhorto respetuoso al fiscal para que a la brevedad posible agotara\nlas investigaciones que permitieran el esclarecimiento de los hechos referentes\nal asesinato de la fotoperiodista y con ello la detenci\u00f3n y el procesamiento de\nquienes resultasen responsables. <\/p>\n\n\n\n<p>Sin embargo, hasta el momento nada ha cambiado, por el contrario contin\u00faan las omisiones por parte de la instituci\u00f3n\nencargada de procurar justicia; prueba de ello la reprogramaci\u00f3n de la\naudiencia intermedia, programada para el pasado 24 de febrero, argumentado\n\u201cfallas t\u00e9cnicas\u201d imputables a la Fiscal\u00eda General del Estado.<\/p>\n\n\n\n<p>En este mismo sentido, refiere que ha\npasado un a\u00f1o y nueve meses del asesinato, sin que las pifias del fiscal Rub\u00e9n\nVasconcelos se\u00f1aladas por la autoridad judicial hayan sido corregidas; se mantiene\nuna investigaci\u00f3n sin perspectiva de g\u00e9nero, considerando el asesinato como un\nhecho aislado, y sin tomar en cuenta el contexto pol\u00edtico-electoral, ni el\nrobo. <\/p>\n\n\n\n<p>As\u00ed mismo, cuestiona que aunque la parte\nelectoral fue judializada en diciembre pasado, nada cambi\u00f3 pues los hermanos\nMontero L\u00f3pez siguen sin pagar por las irregularidades detectadas. Situaci\u00f3n\nsimilar a la del delito de robo de pertenencias de la joven, por el cual no hay\ninvestigaci\u00f3n en contra de posibles responsables intelectuales.<\/p>\n\n\n\n<p>El Punto de Acuerdo fue le\u00eddo en tribuna\npor la diputada Elisa Zepeda Lagunas y turnado a comisiones respectivas, para\nsu posterior dictamen.<\/p>\n","protected":false},"excerpt":{"rendered":"<p>Evlin Arag\u00f3n\/Zona Roja. Oaxaca de Ju\u00e1rez, Oax., 4 de marzo de 2020.- El Congreso del&hellip;<\/p>\n","protected":false},"author":2,"featured_media":9498,"comment_status":"closed","ping_status":"open","sticky":false,"template":"","format":"standard","meta":{"_lmt_disableupdate":"","_lmt_disable":"","_jetpack_memberships_contains_paid_content":false,"footnotes":""},"categories":[109,51],"tags":[1468,1059],"class_list":["post-9497","post","type-post","status-publish","format-standard","has-post-thumbnail","hentry","category-minuto-a-minuto","category-zona-roja","tag-justiciaparasol","tag-maria-del-sol-cruz-jarquin"],"jetpack_featured_media_url":"https:\/\/zonaroja.com.mx\/wp-content\/uploads\/2020\/03\/Justicia-para-Sol-1.png","jetpack_sharing_enabled":true,"_links":{"self":[{"href":"https:\/\/zonaroja.com.mx\/index.php?rest_route=\/wp\/v2\/posts\/9497","targetHints":{"allow":["GET"]}}],"collection":[{"href":"https:\/\/zonaroja.com.mx\/index.php?rest_route=\/wp\/v2\/posts"}],"about":[{"href":"https:\/\/zonaroja.com.mx\/index.php?rest_route=\/wp\/v2\/types\/post"}],"author":[{"embeddable":true,"href":"https:\/\/zonaroja.com.mx\/index.php?rest_route=\/wp\/v2\/users\/2"}],"replies":[{"embeddable":true,"href":"https:\/\/zonaroja.com.mx\/index.php?rest_route=%2Fwp%2Fv2%2Fcomments&post=9497"}],"version-history":[{"count":1,"href":"https:\/\/zonaroja.com.mx\/index.php?rest_route=\/wp\/v2\/posts\/9497\/revisions"}],"predecessor-version":[{"id":9500,"href":"https:\/\/zonaroja.com.mx\/index.php?rest_route=\/wp\/v2\/posts\/9497\/revisions\/9500"}],"wp:featuredmedia":[{"embeddable":true,"href":"https:\/\/zonaroja.com.mx\/index.php?rest_route=\/wp\/v2\/media\/9498"}],"wp:attachment":[{"href":"https:\/\/zonaroja.com.mx\/index.php?rest_route=%2Fwp%2Fv2%2Fmedia&parent=9497"}],"wp:term":[{"taxonomy":"category","embeddable":true,"href":"https:\/\/zonaroja.com.mx\/index.php?rest_route=%2Fwp%2Fv2%2Fcategories&post=9497"},{"taxonomy":"post_tag","embeddable":true,"href":"https:\/\/zonaroja.com.mx\/index.php?rest_route=%2Fwp%2Fv2%2Ftags&post=9497"}],"curies":[{"name":"wp","href":"https:\/\/api.w.org\/{rel}","templated":true}]}}