{"id":9501,"date":"2020-03-04T22:35:56","date_gmt":"2020-03-05T04:35:56","guid":{"rendered":"http:\/\/www.zonaroja.com.mx\/?p=9501"},"modified":"2020-03-04T22:36:00","modified_gmt":"2020-03-05T04:36:00","slug":"declara-congreso-de-oaxaca-cero-tolerancia-al-sexismo-en-sus-instalaciones","status":"publish","type":"post","link":"https:\/\/zonaroja.com.mx\/?p=9501","title":{"rendered":"Declara Congreso de Oaxaca cero tolerancia al sexismo en sus instalaciones"},"content":{"rendered":"\n<p>Yuridiana Sosa\/Zona Roja.<\/p>\n\n\n\n<p>Oaxaca de Ju\u00e1rez, Oax., 4 de marzo de\n2020. Con 28 votos a favor, la 64 legislatura de Oaxaca aprob\u00f3 declarar a los\nespacios institucionales del Poder Legislativo libres de discriminaci\u00f3n y\nsexismo.<\/p>\n\n\n\n<p>En una pol\u00edtica de cero tolerancia, este\nmi\u00e9rcoles la mayor\u00eda de los diputados de Oaxaca votaron contra las pr\u00e1cticas de\nacoso sexual, hostigamiento sexual, acoso laboral o cualquier otra forma de\nviolencia hacia las mujeres por raz\u00f3n de g\u00e9nero.<\/p>\n\n\n\n<p>La propuesta realizada por los\nintegrantes de la Junta de Coordinaci\u00f3n Pol\u00edtica instruye al Centro de Estudios\ny Paridad de G\u00e9nero del Congreso para que, en un plazo de 10 d\u00edas naturales,\nproponga un protocolo para atender y sancionar la violencia de g\u00e9nero.<\/p>\n\n\n\n<p>As\u00ed tambi\u00e9n se indic\u00f3 la creaci\u00f3n de un\nproyecto para un programa institucional de igualdad de g\u00e9nero para el Congreso\nde Oaxaca.<\/p>\n\n\n\n<p>Otro de los puntos del decreto es que en\nun trabajo conjunto la Secretar\u00eda de Servicios Administrativos y el centro de\nestudios realicen, en un plazo no mayor a 20 d\u00edas, un protocolo para la\nselecci\u00f3n de contrataci\u00f3n de personal e inicio del proceso de certificaci\u00f3n\nmexicana NMX-R-025-SCFI-2015 en igualdad laboral y no discriminaci\u00f3n.<\/p>\n\n\n\n<p>Con este decreto los diputados\noaxaque\u00f1os indicaron que reafirman su compromiso con la sociedad, pero\nprincipalmente con las mujeres, en velar por sus derechos.<\/p>\n","protected":false},"excerpt":{"rendered":"<p>Yuridiana Sosa\/Zona Roja. Oaxaca de Ju\u00e1rez, Oax., 4 de marzo de 2020. Con 28 votos&hellip;<\/p>\n","protected":false},"author":2,"featured_media":9502,"comment_status":"closed","ping_status":"open","sticky":false,"template":"","format":"standard","meta":{"_lmt_disableupdate":"","_lmt_disable":"","_jetpack_memberships_contains_paid_content":false,"footnotes":""},"categories":[109,46],"tags":[213],"class_list":["post-9501","post","type-post","status-publish","format-standard","has-post-thumbnail","hentry","category-minuto-a-minuto","category-zona-blanca","tag-64-legislatura-de-oaxaca"],"jetpack_featured_media_url":"https:\/\/zonaroja.com.mx\/wp-content\/uploads\/2020\/03\/Congreso-local.jpg","jetpack_sharing_enabled":true,"_links":{"self":[{"href":"https:\/\/zonaroja.com.mx\/index.php?rest_route=\/wp\/v2\/posts\/9501","targetHints":{"allow":["GET"]}}],"collection":[{"href":"https:\/\/zonaroja.com.mx\/index.php?rest_route=\/wp\/v2\/posts"}],"about":[{"href":"https:\/\/zonaroja.com.mx\/index.php?rest_route=\/wp\/v2\/types\/post"}],"author":[{"embeddable":true,"href":"https:\/\/zonaroja.com.mx\/index.php?rest_route=\/wp\/v2\/users\/2"}],"replies":[{"embeddable":true,"href":"https:\/\/zonaroja.com.mx\/index.php?rest_route=%2Fwp%2Fv2%2Fcomments&post=9501"}],"version-history":[{"count":1,"href":"https:\/\/zonaroja.com.mx\/index.php?rest_route=\/wp\/v2\/posts\/9501\/revisions"}],"predecessor-version":[{"id":9503,"href":"https:\/\/zonaroja.com.mx\/index.php?rest_route=\/wp\/v2\/posts\/9501\/revisions\/9503"}],"wp:featuredmedia":[{"embeddable":true,"href":"https:\/\/zonaroja.com.mx\/index.php?rest_route=\/wp\/v2\/media\/9502"}],"wp:attachment":[{"href":"https:\/\/zonaroja.com.mx\/index.php?rest_route=%2Fwp%2Fv2%2Fmedia&parent=9501"}],"wp:term":[{"taxonomy":"category","embeddable":true,"href":"https:\/\/zonaroja.com.mx\/index.php?rest_route=%2Fwp%2Fv2%2Fcategories&post=9501"},{"taxonomy":"post_tag","embeddable":true,"href":"https:\/\/zonaroja.com.mx\/index.php?rest_route=%2Fwp%2Fv2%2Ftags&post=9501"}],"curies":[{"name":"wp","href":"https:\/\/api.w.org\/{rel}","templated":true}]}}