{"id":9507,"date":"2020-03-05T07:30:53","date_gmt":"2020-03-05T13:30:53","guid":{"rendered":"http:\/\/www.zonaroja.com.mx\/?p=9507"},"modified":"2020-03-05T07:35:18","modified_gmt":"2020-03-05T13:35:18","slug":"advierte-uno-que-mexico-podria-ser-el-octavo-pais-mas-afectado-por-coronavirus","status":"publish","type":"post","link":"https:\/\/zonaroja.com.mx\/?p=9507","title":{"rendered":"Advierte ONU que M\u00e9xico podr\u00eda ser el octavo pa\u00eds m\u00e1s afectado por coronavirus"},"content":{"rendered":"\n<p>Redacci\u00f3n\/Zona\nRoja Cdmx.<\/p>\n\n\n\n<p>Ciudad de M\u00e9xico,\n5 de marzo de 2020.- El brote de Covid-19 puede provocar una reducci\u00f3n de las\nexportaciones de M\u00e9xico de unos mil 369 millones de d\u00f3lares, cifras que\ncolocar\u00e1n a la mexicana como la octava econom\u00eda m\u00e1s afectada por la aparici\u00f3n\ndel coronavirus. <\/p>\n\n\n\n<p>As\u00ed lo\ninform\u00f3 la Conferencia de las Naciones Unidas sobre Comercio y Desarrollo\n(Unctad, por sus siglas en ingl\u00e9s), al alertar que el Covid-19 est\u00e1\ninterrumpiendo el comercio mundial y puede provocar una disminuci\u00f3n de 50 mil\nmillones en las exportaciones a trav\u00e9s de las cadenas de valor mundiales. <\/p>\n\n\n\n<p>\u201cAdem\u00e1s de\nlas graves amenazas para la vida humana, el brote de coronavirus conlleva\nserios riesgos para la econom\u00eda mundial. Cualquier desaceleraci\u00f3n en la fabricaci\u00f3n\nen una parte del mundo tendr\u00e1 un efecto domin\u00f3 en la actividad econ\u00f3mica\ninternacional debido a las cadenas de valor regionales y globales\u201d, explic\u00f3 el\nsecretario general de la Unctad, Mukhisa Kituyi, de acuerdo con una nota\ninformativa del diario \u201cMilenio\u201d. <\/p>\n\n\n\n<p>Entre las\neconom\u00edas m\u00e1s afectadas, adem\u00e1s de M\u00e9xico, estar\u00e1 la Uni\u00f3n Europea (15 mil 600\nmdd), Estados Unidos (5 mil 800 mdd), Jap\u00f3n (5 mil 200 mdd), Corea (3 mil 800\nmdd), Taiw\u00e1n (2 mil 600 mdd) y Vietnam (2 mil 300 mdd). <\/p>\n\n\n\n<p>En un\ndocumento, el organismo indic\u00f3 que si bien los efectos globales estimados de\nCovid-19 est\u00e1n sujetos a cambios, dependiendo de la contenci\u00f3n del virus o a\ncambios en las fuentes de suministro, sus estimaciones apuntan a que los\nsectores m\u00e1s afectados a nivel global ser\u00e1n los de instrumentos de precisi\u00f3n,\nmaquinaria, automotriz y equipos de comunicaci\u00f3n, entre otros. <\/p>\n\n\n\n<p>Debido a que\nChina se ha convertido en el centro de fabricaci\u00f3n central de muchas\noperaciones comerciales globales, el organismo alert\u00f3 que una desaceleraci\u00f3n en\nsu producci\u00f3n tendr\u00e1 repercusiones para un pa\u00eds determinado en funci\u00f3n de qu\u00e9\ntan dependientes sean sus industrias de los proveedores chinos. <\/p>\n\n\n\n<p>De acuerdo\ncon el Inegi, en 2019 las exportaciones de M\u00e9xico sumaron 461 mil 115.6\nmillones de d\u00f3lares. <\/p>\n\n\n\n<p>RIESGOS PARA\nEL TURISMO <\/p>\n\n\n\n<p>Por su\nparte, la Asociaci\u00f3n de Secretarios de Turismo de M\u00e9xico (Asetur) afirm\u00f3 que la\nemergencia por el coronavirus representa una amenaza para la actividad de\nviajes de negocios y placer en M\u00e9xico, por lo que llam\u00f3 a todos los actores\npara establecer acciones de fomento. Ante los riesgos sanitarias y econ\u00f3micos\nque acechan a la actividad tur\u00edstica \u201ces momento de cerrar filas a favor de la\nindustria\u201d, puntualiz\u00f3. \u201cHay amenazas externas, sanitarias y econ\u00f3micas, como\nel coronavirus, que eventualmente pueden pegar al turismo de nuestro pa\u00eds, no\nseamos nosotros quienes impongamos m\u00e1s trabas, no estamos para experimentar en\nestos momentos\u201d, indic\u00f3. <\/p>\n\n\n\n<p>En este\nsentido, la Asetur reiter\u00f3 su rechazo la propuesta presidencial de eliminar los\nfines de semana largos, ya que esta medida afectar\u00e1 fuertemente al sector. \u201cEl\nhorno no est\u00e1 para bollos. Hoy m\u00e1s que nunca la industria tur\u00edstica mexicana\nrequiere de incentivos y apoyos\u201d, puntualiz\u00f3. <\/p>\n\n\n\n<p>(Con\ninformaci\u00f3n del diario \u201cMilenio\u201d)<\/p>\n\n\n\n<figure class=\"wp-block-embed\"><div class=\"wp-block-embed__wrapper\">\nhttps:\/\/www.milenio.com\/politica\/onu-mexico-sera-el-octavo-mas-afectado-por-el-virus\n<\/div><\/figure>\n","protected":false},"excerpt":{"rendered":"<p>Redacci\u00f3n\/Zona Roja Cdmx. Ciudad de M\u00e9xico, 5 de marzo de 2020.- El brote de Covid-19&hellip;<\/p>\n","protected":false},"author":2,"featured_media":9508,"comment_status":"closed","ping_status":"open","sticky":false,"template":"","format":"standard","meta":{"_lmt_disableupdate":"","_lmt_disable":"","_jetpack_memberships_contains_paid_content":false,"footnotes":""},"categories":[109,47],"tags":[1328],"class_list":["post-9507","post","type-post","status-publish","format-standard","has-post-thumbnail","hentry","category-minuto-a-minuto","category-zona-gris","tag-coronavirus-mexico"],"jetpack_featured_media_url":"https:\/\/zonaroja.com.mx\/wp-content\/uploads\/2020\/03\/Coronavirus-Covid.jpg","jetpack_sharing_enabled":true,"_links":{"self":[{"href":"https:\/\/zonaroja.com.mx\/index.php?rest_route=\/wp\/v2\/posts\/9507","targetHints":{"allow":["GET"]}}],"collection":[{"href":"https:\/\/zonaroja.com.mx\/index.php?rest_route=\/wp\/v2\/posts"}],"about":[{"href":"https:\/\/zonaroja.com.mx\/index.php?rest_route=\/wp\/v2\/types\/post"}],"author":[{"embeddable":true,"href":"https:\/\/zonaroja.com.mx\/index.php?rest_route=\/wp\/v2\/users\/2"}],"replies":[{"embeddable":true,"href":"https:\/\/zonaroja.com.mx\/index.php?rest_route=%2Fwp%2Fv2%2Fcomments&post=9507"}],"version-history":[{"count":2,"href":"https:\/\/zonaroja.com.mx\/index.php?rest_route=\/wp\/v2\/posts\/9507\/revisions"}],"predecessor-version":[{"id":9510,"href":"https:\/\/zonaroja.com.mx\/index.php?rest_route=\/wp\/v2\/posts\/9507\/revisions\/9510"}],"wp:featuredmedia":[{"embeddable":true,"href":"https:\/\/zonaroja.com.mx\/index.php?rest_route=\/wp\/v2\/media\/9508"}],"wp:attachment":[{"href":"https:\/\/zonaroja.com.mx\/index.php?rest_route=%2Fwp%2Fv2%2Fmedia&parent=9507"}],"wp:term":[{"taxonomy":"category","embeddable":true,"href":"https:\/\/zonaroja.com.mx\/index.php?rest_route=%2Fwp%2Fv2%2Fcategories&post=9507"},{"taxonomy":"post_tag","embeddable":true,"href":"https:\/\/zonaroja.com.mx\/index.php?rest_route=%2Fwp%2Fv2%2Ftags&post=9507"}],"curies":[{"name":"wp","href":"https:\/\/api.w.org\/{rel}","templated":true}]}}