{"id":9514,"date":"2020-03-05T09:37:34","date_gmt":"2020-03-05T15:37:34","guid":{"rendered":"http:\/\/www.zonaroja.com.mx\/?p=9514"},"modified":"2020-03-05T17:16:09","modified_gmt":"2020-03-05T23:16:09","slug":"denuncian-desabasto-de-medicamentos-del-90-en-hospitales-de-oaxaca","status":"publish","type":"post","link":"https:\/\/zonaroja.com.mx\/?p=9514","title":{"rendered":"Denuncian desabasto de medicamentos del 90% en hospitales de Oaxaca"},"content":{"rendered":"\n<p>Yuridiana Sosa\/Zona Roja.<\/p>\n\n\n\n<p>Oaxaca de Ju\u00e1rez, Oax., 5 de marzo de 2020.- Sin sueros, sondas, gasas, antibi\u00f3ticos, o analg\u00e9sicos, entre otros insumos, as\u00ed trabajan los hospitales generales y comunitarios en la entidad oaxaque\u00f1a, que en lo general apenas cuentan con un 10 por ciento de abasto m\u00e9dico, se\u00f1al\u00f3 la Secci\u00f3n 35 del Sindicato Nacional de Trabajadores de la Secretar\u00eda de Salud.<\/p>\n\n\n\n<p>El secretario de Organizaci\u00f3n de la\nSecci\u00f3n 35 del (SNTSA), Carlos Alberto P\u00e9rez Bautista, se\u00f1al\u00f3 que en un\nrecorrido por los nosocomios de la entidad se constat\u00f3 sobre las carencias que\nactualmente mantienen en paro al Hospital de los Servicios de Salud de Oaxaca\nde Juchit\u00e1n de Zaragoza y de Salina Cruz, en la regi\u00f3n del Istmo.<\/p>\n\n\n\n<p>Sin embargo, esas mismas condiciones se\nmantienen desde el Hospital Civil \u201cDr. Aurelio Valdivieso\u201d, en la capital del\nestado, hasta en hospitales comunitarios en los municipios de la regi\u00f3n de la\nCuenca, como son los de Acatl\u00e1n de P\u00e9rez, Figueroa, Cosolapa, Valle Nacional,\nLoma Bonita y el general en San Juan Bautista Tuxtepec.<\/p>\n\n\n\n<p>La escasez de medicamentos e insumos se\nagrav\u00f3 a finales de enero, pues el abasto de la compra consolidada de 2019 por\nparte del gobierno del estado se agot\u00f3; a inicio de a\u00f1o a\u00fan contaban en algunos\ncentros hospitalarios con un 50 por ciento.<\/p>\n\n\n\n<p>Bautista P\u00e9rez indic\u00f3 que las\ndificultades para el abastecimiento derivan con la puesta en marcha del\nInstituto de Salud para el Bienestar (Insabi), del que a\u00fan no quedan claras las\nreglas de operaci\u00f3n en Oaxaca. Adem\u00e1s, que desconocen cu\u00e1ndo el gobierno\nfederal realizar\u00e1 la compra de medicinas.<\/p>\n\n\n\n<p>Los f\u00e1rmacos existentes corresponden a\nenfermedades cr\u00f3nicas, no consideradas como una urgencia, mientras que para\nsolventar las necesidades de una cirug\u00eda el paciente debe comprar algunos\ninsumos, dijo el secretario sindical.<\/p>\n","protected":false},"excerpt":{"rendered":"<p>Yuridiana Sosa\/Zona Roja. Oaxaca de Ju\u00e1rez, Oax., 5 de marzo de 2020.- Sin sueros, sondas,&hellip;<\/p>\n","protected":false},"author":2,"featured_media":9515,"comment_status":"closed","ping_status":"open","sticky":false,"template":"","format":"standard","meta":{"_lmt_disableupdate":"","_lmt_disable":"","_jetpack_memberships_contains_paid_content":false,"footnotes":""},"categories":[109,47],"tags":[1005],"class_list":["post-9514","post","type-post","status-publish","format-standard","has-post-thumbnail","hentry","category-minuto-a-minuto","category-zona-gris","tag-servicios-de-salud-de-oaxaca-sso"],"jetpack_featured_media_url":"https:\/\/zonaroja.com.mx\/wp-content\/uploads\/2020\/03\/Servicios-de-Salud-de-Oaxaca.png","jetpack_sharing_enabled":true,"_links":{"self":[{"href":"https:\/\/zonaroja.com.mx\/index.php?rest_route=\/wp\/v2\/posts\/9514","targetHints":{"allow":["GET"]}}],"collection":[{"href":"https:\/\/zonaroja.com.mx\/index.php?rest_route=\/wp\/v2\/posts"}],"about":[{"href":"https:\/\/zonaroja.com.mx\/index.php?rest_route=\/wp\/v2\/types\/post"}],"author":[{"embeddable":true,"href":"https:\/\/zonaroja.com.mx\/index.php?rest_route=\/wp\/v2\/users\/2"}],"replies":[{"embeddable":true,"href":"https:\/\/zonaroja.com.mx\/index.php?rest_route=%2Fwp%2Fv2%2Fcomments&post=9514"}],"version-history":[{"count":2,"href":"https:\/\/zonaroja.com.mx\/index.php?rest_route=\/wp\/v2\/posts\/9514\/revisions"}],"predecessor-version":[{"id":9526,"href":"https:\/\/zonaroja.com.mx\/index.php?rest_route=\/wp\/v2\/posts\/9514\/revisions\/9526"}],"wp:featuredmedia":[{"embeddable":true,"href":"https:\/\/zonaroja.com.mx\/index.php?rest_route=\/wp\/v2\/media\/9515"}],"wp:attachment":[{"href":"https:\/\/zonaroja.com.mx\/index.php?rest_route=%2Fwp%2Fv2%2Fmedia&parent=9514"}],"wp:term":[{"taxonomy":"category","embeddable":true,"href":"https:\/\/zonaroja.com.mx\/index.php?rest_route=%2Fwp%2Fv2%2Fcategories&post=9514"},{"taxonomy":"post_tag","embeddable":true,"href":"https:\/\/zonaroja.com.mx\/index.php?rest_route=%2Fwp%2Fv2%2Ftags&post=9514"}],"curies":[{"name":"wp","href":"https:\/\/api.w.org\/{rel}","templated":true}]}}