{"id":9523,"date":"2020-03-05T16:43:28","date_gmt":"2020-03-05T22:43:28","guid":{"rendered":"http:\/\/www.zonaroja.com.mx\/?p=9523"},"modified":"2020-03-05T16:43:31","modified_gmt":"2020-03-05T22:43:31","slug":"duerme-policia-municipal-de-tuxtepec-en-pleno-ejecutan-a-individuo","status":"publish","type":"post","link":"https:\/\/zonaroja.com.mx\/?p=9523","title":{"rendered":"Duerme polic\u00eda municipal de Tuxtepec; en pleno ejecutan a individuo"},"content":{"rendered":"\n<p>Redacci\u00f3n\/Zona Roja.<\/p>\n\n\n\n<p>Oaxaca de Ju\u00e1rez, Oax., 5 de marzo de\n2020.- En pleno centro de la ciudad de San Juan Bautista Tuxtepec, sin que se\ndiera cuenta la Polic\u00eda Municipal y en v\u00edspera del arribo del secretario de\nSeguridad P\u00fablica de Oaxaca, Ra\u00fal Ernesto Salcedo, este jueves se registr\u00f3 un\nataque armado que dej\u00f3 como saldo un hombre sin vida.<\/p>\n\n\n\n<p>El hecho se registr\u00f3 en el parque\n\u201cCarranza\u201d, sobre la avenida Jes\u00fas Carranza, poco despu\u00e9s de las 13:00 horas, a\ntres cuadras del Palacio Municipal, de acuerdo con los primeros informes.<\/p>\n\n\n\n<p>La v\u00edctima qued\u00f3 a un costado de una\ntienda de abarrotes, donde realizaba trabajos de pintura al exterior del\nestablecimiento.<\/p>\n\n\n\n<p>El ataque se cometi\u00f3 en medio de un\nblindaje especial de seguridad, implementado desde el pasado 13 de febrero como\nparte de un operativo de cero tolerancia a hechos delictivos para la\nconstrucci\u00f3n de la paz social.<\/p>\n\n\n\n<p>La poblaci\u00f3n tuxtepecana ha denunciado\nque el edil Fernando Bautista D\u00e1vila, no ha contribuido en los operativos y su\npolic\u00eda se mantiene ajena al patrullaje y operativos que se implementan.<\/p>\n\n\n\n<p>La zona, que sirve como parada de\nautobuses, fue acordonada por elementos de la Polic\u00eda Municipal y Estatal; lo\nque caus\u00f3 afectaciones importantes en el corte vehicular por ser una avenida de\nalta circulaci\u00f3n.<\/p>\n","protected":false},"excerpt":{"rendered":"<p>Redacci\u00f3n\/Zona Roja. Oaxaca de Ju\u00e1rez, Oax., 5 de marzo de 2020.- En pleno centro de&hellip;<\/p>\n","protected":false},"author":2,"featured_media":9524,"comment_status":"closed","ping_status":"open","sticky":false,"template":"","format":"standard","meta":{"_lmt_disableupdate":"","_lmt_disable":"","_jetpack_memberships_contains_paid_content":false,"footnotes":""},"categories":[109,47],"tags":[435],"class_list":["post-9523","post","type-post","status-publish","format-standard","has-post-thumbnail","hentry","category-minuto-a-minuto","category-zona-gris","tag-ejecutado-en-san-juan-bautista-tuxtepec"],"jetpack_featured_media_url":"https:\/\/zonaroja.com.mx\/wp-content\/uploads\/2020\/03\/Ejecutado-Tuxtepec-5-mar.jpg","jetpack_sharing_enabled":true,"_links":{"self":[{"href":"https:\/\/zonaroja.com.mx\/index.php?rest_route=\/wp\/v2\/posts\/9523","targetHints":{"allow":["GET"]}}],"collection":[{"href":"https:\/\/zonaroja.com.mx\/index.php?rest_route=\/wp\/v2\/posts"}],"about":[{"href":"https:\/\/zonaroja.com.mx\/index.php?rest_route=\/wp\/v2\/types\/post"}],"author":[{"embeddable":true,"href":"https:\/\/zonaroja.com.mx\/index.php?rest_route=\/wp\/v2\/users\/2"}],"replies":[{"embeddable":true,"href":"https:\/\/zonaroja.com.mx\/index.php?rest_route=%2Fwp%2Fv2%2Fcomments&post=9523"}],"version-history":[{"count":1,"href":"https:\/\/zonaroja.com.mx\/index.php?rest_route=\/wp\/v2\/posts\/9523\/revisions"}],"predecessor-version":[{"id":9525,"href":"https:\/\/zonaroja.com.mx\/index.php?rest_route=\/wp\/v2\/posts\/9523\/revisions\/9525"}],"wp:featuredmedia":[{"embeddable":true,"href":"https:\/\/zonaroja.com.mx\/index.php?rest_route=\/wp\/v2\/media\/9524"}],"wp:attachment":[{"href":"https:\/\/zonaroja.com.mx\/index.php?rest_route=%2Fwp%2Fv2%2Fmedia&parent=9523"}],"wp:term":[{"taxonomy":"category","embeddable":true,"href":"https:\/\/zonaroja.com.mx\/index.php?rest_route=%2Fwp%2Fv2%2Fcategories&post=9523"},{"taxonomy":"post_tag","embeddable":true,"href":"https:\/\/zonaroja.com.mx\/index.php?rest_route=%2Fwp%2Fv2%2Ftags&post=9523"}],"curies":[{"name":"wp","href":"https:\/\/api.w.org\/{rel}","templated":true}]}}