{"id":9532,"date":"2020-03-05T18:54:40","date_gmt":"2020-03-06T00:54:40","guid":{"rendered":"http:\/\/www.zonaroja.com.mx\/?p=9532"},"modified":"2020-03-05T18:59:25","modified_gmt":"2020-03-06T00:59:25","slug":"nuevo-caso-de-violencia-en-el-transporte-publico-en-la-capital-de-oaxaca","status":"publish","type":"post","link":"https:\/\/zonaroja.com.mx\/?p=9532","title":{"rendered":"Nuevo caso de violencia en el transporte p\u00fablico en la capital de Oaxaca"},"content":{"rendered":"\n<p>Evlin Arag\u00f3n\/Zona Roja.<\/p>\n\n\n\n<p>Oaxaca de Ju\u00e1rez, Oax., 5 de marzo de\n2020.- La ma\u00f1ana de este martes y como todos los d\u00edas, una estudiante tom\u00f3 un\nautob\u00fas desde la zona donde se ubica su domicilio para llegar al Cobao de\nPueblo Nuevo, Ciudad de Oaxaca. <\/p>\n\n\n\n<p>Sin embargo, esta vez fue v\u00edctima de\nintimidaci\u00f3n y violencia psicol\u00f3gica por parte un trabajador de la empresa Choferes\ndel Sur.<\/p>\n\n\n\n<p>As\u00ed lo refiere una publicaci\u00f3n que se ha\nhecho viral en las redes sociales, en donde un sujeto sin identificar relata lo\nsucedido a su sobrina y a una joven m\u00e1s, quienes se encontraban a bordo de la\nunidad A-531 de dicha empresa, con ruta Esmeralda-Pueblo Nuevo.<\/p>\n\n\n\n<p>\u201cHoy por la ma\u00f1ana mi sobrina abord\u00f3 el\nautob\u00fas A-531 de Choferes del Sur con ruta Fracc. Esmeralda-Pueblo Nuevo, el\nconductor al ver que s\u00f3lo ven\u00eda mi sobrina y otra chica&#8230;cerr\u00f3 las puertas y\ncambi\u00f3 los letreros de ruta, subi\u00f3 hacia una colonia aleda\u00f1a, e incluso le hizo\nmenci\u00f3n a su ayudante: ahora s\u00ed, nos vamos a divertir\u201d.<\/p>\n\n\n\n<p>De acuerdo con el testimonio, una de las\ndos j\u00f3venes llevaba un silbato con el que comenzaron a hacer ruido, gritar y\nllamar la atenci\u00f3n de las pocas personas que pasaban por la calle poco\nhabitada, obligando a que el conductor terminara por abrir la puerta trasera de\nsu trasporte y pudieran descender de la unidad.<\/p>\n\n\n\n<p>Debido a lo anterior, intentaron poner\nla denuncia ante las autoridades; sin embargo, la falta de sensibilidad y\nconocimiento de las mismas, les impidi\u00f3 hacerlo con el argumento de que no\nhab\u00edan sido atacadas de forma f\u00edsica.<\/p>\n\n\n\n<p>\u201cIntentamos poner la denuncia formal\nante las autoridades. Mencionan que como no hubo tocamiento, s\u00f3lo insinuaciones\nlascivas no iba a pasar a mayores\u00bb, refiere la publicaci\u00f3n en la que\nadem\u00e1s se alerta a quienes viven en la zona de Pueblo Nuevo-Esmeralda.<\/p>\n\n\n\n<p>En este mismo sentido, cuestionaron a la\nempresa Choferes del Sur sobre los requisitos que piden para la contrataci\u00f3n de\npersonal, as\u00ed como la falta de capacitaci\u00f3n que deriva en este tipo de actos en\nlos que afortunadamente ambas j\u00f3venes salieron ilesas, aunque si con el temor\nde ser una cifra m\u00e1s en la violencia de g\u00e9nero que registra la entidad.<\/p>\n\n\n\n<p>\u201cChoferes del Sur \u00bfQu\u00e9 tipo de empleados\ntiene? \u00bfEs necesario que nos reunamos a exigir respeto para todos los usuarios?\nTenemos que llegar a tomar medidas dr\u00e1sticas por la ineficiencia en la\nselecci\u00f3n de su personal, y su falta de capacitaci\u00f3n\u201d, concluye el testimonio.<\/p>\n\n\n\n<p>Por su parte y mediante un escueto\ncomunicado, la empresa Choferes del Sur se declar\u00f3 en total disposici\u00f3n de\nrecibir el reporte de parte de los afectados en las propias instalaciones, con\nla finalidad de dar respuesta al mismo.<\/p>\n\n\n\n<p>\u201cBUENA PERSONA\u201d<\/p>\n\n\n\n<p>Mientras que la publicaci\u00f3n que difundi\u00f3\nla p\u00e1gina de Facebook \u201cEn Oaxaca es Tiempo de Noticias\u201d dividi\u00f3 a la opini\u00f3n\np\u00fablica ya que varios comentarios aseguran que el chofer, de quien se desconoce\nel nombre, es una buena persona y no lo creen capaz de hacer tal acci\u00f3n,\nmientras que otras personan celebraron la publicaci\u00f3n para alertar a las\nj\u00f3venes que viven en la zona. <\/p>\n\n\n\n<p>Las denuncias de acoso y violencia\nsexual en el transporte p\u00fablico y en las calles de Oaxaca han cobrado fuerza en\nlas redes sociales, donde el mes pasado al menos cuatro j\u00f3venes evidenciaron\nhechos similares y a sus agresores.<\/p>\n\n\n\n<p>El que tuvo mayor eco fue el de la\nestudiante del CBTIS 26, quien fue v\u00edctima de violencia sexual, intento de\nsecuestro y robo por parte de un sujeto al interior de un cami\u00f3n de transporte\np\u00fablico de la empresa Transportes Urbanos y Sub-Urbanos Guelatao (Tusug), lo\ncual deriv\u00f3 en una marcha por parte de la comunidad estudiantil para exigir\nmayor seguridad.<\/p>\n\n\n\n<p>Al respecto, la autoridad municipal\npresent\u00f3 el \u201cProtocolo de actuaci\u00f3n y atenci\u00f3n en caso de violencia de g\u00e9nero\ncontra las mujeres, ni\u00f1as y adolescentes en el servicio de transporte p\u00fablico\u201d,\nque explica los pasos a seguir ante un caso de violencia sexual al interior del\ntransporte p\u00fablico, las instancias a las que se puede acudir y la atenci\u00f3n\ninmediata que debe recibir la v\u00edctima; los cuales se desconoce hasta el momento\nsi se siguieron en el reciente caso denunciado.<\/p>\n","protected":false},"excerpt":{"rendered":"<p>Evlin Arag\u00f3n\/Zona Roja. Oaxaca de Ju\u00e1rez, Oax., 5 de marzo de 2020.- La ma\u00f1ana de&hellip;<\/p>\n","protected":false},"author":2,"featured_media":9533,"comment_status":"closed","ping_status":"open","sticky":false,"template":"","format":"standard","meta":{"_lmt_disableupdate":"","_lmt_disable":"","_jetpack_memberships_contains_paid_content":false,"footnotes":""},"categories":[109,47],"tags":[1470],"class_list":["post-9532","post","type-post","status-publish","format-standard","has-post-thumbnail","hentry","category-minuto-a-minuto","category-zona-gris","tag-acoso-sexual-choferes-del-sur"],"jetpack_featured_media_url":"https:\/\/zonaroja.com.mx\/wp-content\/uploads\/2020\/03\/Transporte-Oaxaca.jpeg","jetpack_sharing_enabled":true,"_links":{"self":[{"href":"https:\/\/zonaroja.com.mx\/index.php?rest_route=\/wp\/v2\/posts\/9532","targetHints":{"allow":["GET"]}}],"collection":[{"href":"https:\/\/zonaroja.com.mx\/index.php?rest_route=\/wp\/v2\/posts"}],"about":[{"href":"https:\/\/zonaroja.com.mx\/index.php?rest_route=\/wp\/v2\/types\/post"}],"author":[{"embeddable":true,"href":"https:\/\/zonaroja.com.mx\/index.php?rest_route=\/wp\/v2\/users\/2"}],"replies":[{"embeddable":true,"href":"https:\/\/zonaroja.com.mx\/index.php?rest_route=%2Fwp%2Fv2%2Fcomments&post=9532"}],"version-history":[{"count":1,"href":"https:\/\/zonaroja.com.mx\/index.php?rest_route=\/wp\/v2\/posts\/9532\/revisions"}],"predecessor-version":[{"id":9534,"href":"https:\/\/zonaroja.com.mx\/index.php?rest_route=\/wp\/v2\/posts\/9532\/revisions\/9534"}],"wp:featuredmedia":[{"embeddable":true,"href":"https:\/\/zonaroja.com.mx\/index.php?rest_route=\/wp\/v2\/media\/9533"}],"wp:attachment":[{"href":"https:\/\/zonaroja.com.mx\/index.php?rest_route=%2Fwp%2Fv2%2Fmedia&parent=9532"}],"wp:term":[{"taxonomy":"category","embeddable":true,"href":"https:\/\/zonaroja.com.mx\/index.php?rest_route=%2Fwp%2Fv2%2Fcategories&post=9532"},{"taxonomy":"post_tag","embeddable":true,"href":"https:\/\/zonaroja.com.mx\/index.php?rest_route=%2Fwp%2Fv2%2Ftags&post=9532"}],"curies":[{"name":"wp","href":"https:\/\/api.w.org\/{rel}","templated":true}]}}