{"id":9541,"date":"2020-03-05T21:50:42","date_gmt":"2020-03-06T03:50:42","guid":{"rendered":"http:\/\/www.zonaroja.com.mx\/?p=9541"},"modified":"2020-03-05T21:50:47","modified_gmt":"2020-03-06T03:50:47","slug":"es-el-istmo-la-region-oaxaquena-mas-letal-para-las-mujeres","status":"publish","type":"post","link":"https:\/\/zonaroja.com.mx\/?p=9541","title":{"rendered":"Es el Istmo la regi\u00f3n oaxaque\u00f1a m\u00e1s letal para las mujeres"},"content":{"rendered":"\n<p>Evlin Arag\u00f3n\/Zona Roja.<\/p>\n\n\n\n<p>Oaxaca de Ju\u00e1rez, Oax., 5 de marzo de\n2020.- Van 84 feminicidios registrados en el Istmo de Tehuantepec en lo que va\nde la administraci\u00f3n de Alejandro Murat Hinojosa, cifra que se suma a las 82\nmujeres desaparecidas en el mismo periodo de tiempo.<\/p>\n\n\n\n<p>Juchit\u00e1n, uno de los municipios m\u00e1s\nsignificativos en la regi\u00f3n debido a su aporte cultural ostenta, el deshonroso\nprimer lugar en torno a la violencia feminicida, seguido de Salina Cruz,\nAsunci\u00f3n Ixtaltepec, Uni\u00f3n Hidalgo, Santo Domingo Tehuantepec, Chahuites y San\nJuan Guichicovi.<\/p>\n\n\n\n<p>Lo anterior de acuerdo con los datos\nproporcionados por Consorcio Oaxaca, que refiere que tres de los municipios\nanteriormente citados cuentan con Alerta de Violencia de G\u00e9nero desde agosto\ndel 2018, cuyas acciones encabezadas por la Secretar\u00eda de las Mujeres de Oaxaca\nno han podido contener los casos que siguen en aumento.<\/p>\n\n\n\n<p>Como en otros recuentos realizados por\norganizaciones sociales, la informaci\u00f3n dada a conocer refiere que el 60 por\nciento de los asesinatos en contra de mujeres se realiz\u00f3 con armas de fuego,\ncometidos por grupos delictivos que operan en la regi\u00f3n, frente a los cuales\nlas mujeres son v\u00edctimas potenciales.<\/p>\n\n\n\n<p>\u201cSon las mujeres las que est\u00e1n pagando\ncon su vida los costos de una omisi\u00f3n grave en cuanto al control y uso de armas\nde fuego en Oaxaca, elemento que debe tambi\u00e9n ser considerado dentro de las\npol\u00edticas de atenci\u00f3n a la violencia hacia las mujeres, lo cual refleja la\nnecesidad de realizar an\u00e1lisis estrat\u00e9gicos de contexto\u201d, expone la\norganizaci\u00f3n.<\/p>\n\n\n\n<p>Mientras que las desapariciones de\nmujeres, que son asociadas a la trata y el comercio sexual se registran en\nmayor n\u00famero en el municipios de Salina Cruz, al cual se le unen Santo Domingo\nTehuantepec, Juchit\u00e1n de Zaragoza, Mat\u00edas Romero y Ciudad Ixtepec.<\/p>\n\n\n\n<p>\u201cM\u00e1s del 50% de las mujeres\ndesaparecidas tienen un rango de edad entre los 13 y 19 a\u00f1os, lo que resulta\npreocupante si se considera que el feminicidio y la desaparici\u00f3n de\nadolescentes y mujeres j\u00f3venes son asociados a delitos como la trata y el\ncomercio sexual en nuestro pa\u00eds\u201d, manifiesta.<\/p>\n\n\n\n<p>En este sentido, recuerda que la\nimpunidad en la que las autoridades mantienen la mayor\u00eda de los caso en la zona\ndel Istmo, prueba de ello el caso de Mar\u00eda del Sol Cruz Jarqu\u00edn quien fue\nasesinada en Juchit\u00e1n hace casi dos a\u00f1os y para quien aun no llega la justicia\npese a los esfuerzos de su madre, la periodista Soledad Jarqu\u00edn.<\/p>\n\n\n\n<p>A\u00f1ade que el objetivo de la Alerta de\nG\u00e9nero es garantizar la seguridad de mujeres y ni\u00f1as, el cese de la violencia\nen su contra y\/o eliminar las desigualdades producidas por una legislaci\u00f3n o\npol\u00edtica p\u00fablica que agravia sus derechos humanos, por lo que exigieron al\ngobierno de Oaxaca, encabezado por Alejandro Murat,&nbsp; que act\u00fae conforme a la ley vigente en la\nentidad que garantiza el acceso de las mujeres a una vida libre de violencia.<\/p>\n\n\n\n<p>\u201cAnte la impunidad e injusticia que\nprovoca la falta de cumplimiento en sus obligaciones no s\u00f3lo se atenta contra\nla vida de ellas, sino tambi\u00e9n contra la de sus familias y toda la sociedad\u201d,\nconcluye.<\/p>\n\n\n\n<p>De acuerdo con el recuento de la\norganizaci\u00f3n, hasta el lunes 2 de marzo Oaxaca acumulaba 404 casos de\nfeminicidios, 186 despu\u00e9s de la Alerta de G\u00e9nero, 23 de los cuales se han\ncometido en este 2020. <\/p>\n\n\n\n<p>La cifra lamentablemente no se detiene\nya que este martes fue encontrado el cuerpo de una mujer con huellas de\nviolencia f\u00edsica y sexual en el municipio de Santa Mar\u00eda Atzompa.<\/p>\n","protected":false},"excerpt":{"rendered":"<p>Evlin Arag\u00f3n\/Zona Roja. Oaxaca de Ju\u00e1rez, Oax., 5 de marzo de 2020.- Van 84 feminicidios&hellip;<\/p>\n","protected":false},"author":2,"featured_media":4893,"comment_status":"closed","ping_status":"open","sticky":false,"template":"","format":"standard","meta":{"_lmt_disableupdate":"","_lmt_disable":"","_jetpack_memberships_contains_paid_content":false,"footnotes":""},"categories":[109,51],"tags":[610],"class_list":["post-9541","post","type-post","status-publish","format-standard","has-post-thumbnail","hentry","category-minuto-a-minuto","category-zona-roja","tag-feminicidios-oaxaca"],"jetpack_featured_media_url":"https:\/\/zonaroja.com.mx\/wp-content\/uploads\/2019\/10\/Femin.jpg","jetpack_sharing_enabled":true,"_links":{"self":[{"href":"https:\/\/zonaroja.com.mx\/index.php?rest_route=\/wp\/v2\/posts\/9541","targetHints":{"allow":["GET"]}}],"collection":[{"href":"https:\/\/zonaroja.com.mx\/index.php?rest_route=\/wp\/v2\/posts"}],"about":[{"href":"https:\/\/zonaroja.com.mx\/index.php?rest_route=\/wp\/v2\/types\/post"}],"author":[{"embeddable":true,"href":"https:\/\/zonaroja.com.mx\/index.php?rest_route=\/wp\/v2\/users\/2"}],"replies":[{"embeddable":true,"href":"https:\/\/zonaroja.com.mx\/index.php?rest_route=%2Fwp%2Fv2%2Fcomments&post=9541"}],"version-history":[{"count":1,"href":"https:\/\/zonaroja.com.mx\/index.php?rest_route=\/wp\/v2\/posts\/9541\/revisions"}],"predecessor-version":[{"id":9542,"href":"https:\/\/zonaroja.com.mx\/index.php?rest_route=\/wp\/v2\/posts\/9541\/revisions\/9542"}],"wp:featuredmedia":[{"embeddable":true,"href":"https:\/\/zonaroja.com.mx\/index.php?rest_route=\/wp\/v2\/media\/4893"}],"wp:attachment":[{"href":"https:\/\/zonaroja.com.mx\/index.php?rest_route=%2Fwp%2Fv2%2Fmedia&parent=9541"}],"wp:term":[{"taxonomy":"category","embeddable":true,"href":"https:\/\/zonaroja.com.mx\/index.php?rest_route=%2Fwp%2Fv2%2Fcategories&post=9541"},{"taxonomy":"post_tag","embeddable":true,"href":"https:\/\/zonaroja.com.mx\/index.php?rest_route=%2Fwp%2Fv2%2Ftags&post=9541"}],"curies":[{"name":"wp","href":"https:\/\/api.w.org\/{rel}","templated":true}]}}