{"id":9543,"date":"2020-03-05T22:28:46","date_gmt":"2020-03-06T04:28:46","guid":{"rendered":"http:\/\/www.zonaroja.com.mx\/?p=9543"},"modified":"2020-03-05T22:28:50","modified_gmt":"2020-03-06T04:28:50","slug":"mas-del-50-del-territorio-mexicano-con-alerta-de-genero-por-feminicidios","status":"publish","type":"post","link":"https:\/\/zonaroja.com.mx\/?p=9543","title":{"rendered":"M\u00e1s del 50% del territorio mexicano con Alerta de G\u00e9nero por feminicidios"},"content":{"rendered":"\n<p>Evlin Arag\u00f3n\/Zona Roja.<\/p>\n\n\n\n<p>Oaxaca de Ju\u00e1rez, Oax, 5 de marzo de\n2020.- \u201cLos feminicidios son un foco rojo a nivel nacional prueba de ello es\nque la propia Secretar\u00eda de Gobernaci\u00f3n ha decretado Alerta de Violencia de\nG\u00e9nero en 59 por ciento del territorio mexicano\u201d, asegur\u00f3 la activista e\nintegrante del Observatorio Ciudadano Nacional de Feminicidios (OCNF), Atziri\nAvila.<\/p>\n\n\n\n<p>Lo anterior en el marco del foro \u201cLibertad\nde Expresi\u00f3n y Participaci\u00f3n Pol\u00edtica de las Mujeres en Oaxaca\u201d que se realiz\u00f3\neste mi\u00e9rcoles en el Congreso del Estado y organizado por la Comisi\u00f3n de\nGobernaci\u00f3n encabezada por la diputada Elisa Zepeda Lagunas.<\/p>\n\n\n\n<p>De acuerdo con la activista, pese a las\ndeclaratorias Alerta de G\u00e9nero en M\u00e9xico, la falta de acciones contundentes por\nparte de las administraciones locales no ha permitido conseguir el objetivo de\nerradicar la problem\u00e1tica y por el contrario las mujeres se enfrentan a una\nlucha constante por hacerla evidente y tratar de sobrevivir.<\/p>\n\n\n\n<p>La cifra de feminicidios ha crecido de\nforma dram\u00e1tica ya que en el 2017 el OCNF observaba que siete mujeres eran\nasesinadas al d\u00eda en M\u00e9xico, la cual subi\u00f3 dando como resultado que hoy en d\u00eda\n10 hombres asesinen al mismo n\u00famero de mujeres al d\u00eda.<\/p>\n\n\n\n<p>Explic\u00f3 que tan s\u00f3lo en el 2019 se tuvo\nun registro de dos mil 144 mujeres asesinadas sin embargo s\u00f3lo el 21 por ciento\nde estos casos -traducidos en 469- se investigaron como feminicidio lo cual\nhaba de una falta de perspectiva de g\u00e9nero por parte de las fiscal\u00edas\nencargadas de iniciar las investigaciones, la cuales muchas veces se catalogan\nc\u00f3mo suicidios a pesar de contar con una agresi\u00f3n evidente.<\/p>\n\n\n\n<p>Para la activista, existen \u201cpactos patriarcales\u201d entre varones, que aunque no se conocer se cubren entre s\u00ed con la finalidad de proteger sus privilegios y poder frente a la vida de las mujeres, lo que contribuye en la normalizaci\u00f3n de la violencia en contra de las mujeres y ni\u00f1as.<\/p>\n\n\n\n<figure class=\"wp-block-embed-twitter wp-block-embed is-type-rich is-provider-twitter\"><div class=\"wp-block-embed__wrapper\">\n<div class=\"twitter-tweet\"><blockquote class=\"twitter-tweet\" data-lang=\"es\"><p lang=\"es\" dir=\"ltr\"><a href=\"https:\/\/twitter.com\/hashtag\/FeminicidiosEmergenciaNacional?src=hash&amp;ref_src=twsrc%5Etfw\">#FeminicidiosEmergenciaNacional<\/a> <br>(3) La reconocida especialista en temas de g\u00e9nero, Atz\u00edn \u00c1vila, del <a href=\"https:\/\/twitter.com\/OCNF?ref_src=twsrc%5Etfw\">@OCNF<\/a>, tambi\u00e9n particip\u00f3 en el foro \u201cLibertad de expresi\u00f3n y participaci\u00f3n pol\u00edtica de las mujeres en <a href=\"https:\/\/twitter.com\/hashtag\/Oaxaca?src=hash&amp;ref_src=twsrc%5Etfw\">#Oaxaca<\/a>\u201d, efectuado en el <a href=\"https:\/\/twitter.com\/CongresoOaxLXIV?ref_src=twsrc%5Etfw\">@CongresoOaxLXIV<\/a>. <a href=\"https:\/\/t.co\/novt7t6ryw\">pic.twitter.com\/novt7t6ryw<\/a><\/p>&mdash; Zona Roja Oaxaca (@MexRoja) <a href=\"https:\/\/twitter.com\/MexRoja\/status\/1235273149492662278?ref_src=twsrc%5Etfw\">4 de marzo de 2020<\/a><\/blockquote><\/div>\n<\/div><\/figure>\n\n\n\n<p>Si bien asegur\u00f3 que actualmente se ha\nconseguido nombrar al asesinato de mujeres de forma violenta por su condici\u00f3n\nde g\u00e9nero como feminicidio, gracias a la lucha feminista, la realidad para las\nfamilias de las v\u00edctimas sigue siendo un calvario debido al desconocimiento,\nomisiones y negligencias por parte de las autoridades municipales, estatales y\nfederales en materia de justicia.<\/p>\n\n\n\n<p>A ello se suma el maltrato que los\nmedios de comunicaci\u00f3n dan a los casos de violencia de g\u00e9nero y feminicida, que\nmuchas veces contribuye en la revictimizaci\u00f3n, cuestionamientos y la\nculpabilizaci\u00f3n de las propias v\u00edctimas<\/p>\n\n\n\n<p>\u201cLas madres y familias de las v\u00edctimas\nde feminicidios se enfrentan a muchos obst\u00e1culos, a muchas puertas que se\ncierran y a un doble o triple dolor al ver que pese a sus esfuerzos la justicia\nno llega y adem\u00e1s existe una tendencia al linchamiento social, con la\ncontribuci\u00f3n de los medios de comunicaci\u00f3n\u201d, dijo. <\/p>\n\n\n\n<p>Y aunque reconoci\u00f3 a los medios de\ncomunicaci\u00f3n como aliados para colocar la problem\u00e1tica actual, asegur\u00f3 que no\nha sido f\u00e1cil conseguirlo con las grandes empresas que ven en el\nsensacionalismo la oportunidad de incrementar sus ventas.<\/p>\n\n\n\n<p>Por lo anterior, dijo es importante que\napuesten por la \u00e9tica, compromiso y el reconocimiento del bien com\u00fan, como ya\nlo hacen algunos medios lo que ha permitido que el delito de feminicidio sea\nvisible, se aborde sin desviar la informaci\u00f3n y sin estigmatizar a las mujeres,\nque no son responsables de su propia muerta.<\/p>\n\n\n\n<p>Atziri Avila manifest\u00f3 que desde el Observatorio\nhan promovido la idea de pensar que la informaci\u00f3n generada con respecto a\nalg\u00fan caso va a impactar en las familias de las v\u00edctimas, en sus hijas e hijos\ny en la sociedad en general, por lo que tambi\u00e9n es importante pensar en qu\u00e9 tipo\nde medios consumimos y merecemos.<\/p>\n\n\n\n<p>\u201cTodo lo que se escriba en los medios de\ncomunicaci\u00f3n tiene una repercusi\u00f3n social y directa en las familias de las\nv\u00edctimas, en los proyectos de vida de las ni\u00f1as y ni\u00f1os que se quedaron sin su\nmadre por la violencia de g\u00e9nero y feminicida\u201d, dijo la activista; a la par que\ninvit\u00f3 a las y los periodistas a profundizar sobre la problem\u00e1tica que engloba\nla violencia de g\u00e9nero y feminicida.<\/p>\n\n\n\n<p>Finalmente, record\u00f3 que en lo que va de\nla administraci\u00f3n de Alejandro Murat Hinojosa, van m\u00e1s de 400 casos de\nfeminicidio, los cuales en su mayor\u00eda se cometieron con armas de fuego y se\ndesconoce a los agresores, lo cual incrementa los niveles de impunidad ya\nexistentes en la entidad.<\/p>\n","protected":false},"excerpt":{"rendered":"<p>Evlin Arag\u00f3n\/Zona Roja. Oaxaca de Ju\u00e1rez, Oax, 5 de marzo de 2020.- \u201cLos feminicidios son&hellip;<\/p>\n","protected":false},"author":2,"featured_media":9544,"comment_status":"closed","ping_status":"open","sticky":false,"template":"","format":"standard","meta":{"_lmt_disableupdate":"","_lmt_disable":"","_jetpack_memberships_contains_paid_content":false,"footnotes":""},"categories":[109,47],"tags":[1471,1346],"class_list":["post-9543","post","type-post","status-publish","format-standard","has-post-thumbnail","hentry","category-minuto-a-minuto","category-zona-gris","tag-atziri-avila","tag-observatorio-ciudadano-nacional-del-feminicidio-ocnf"],"jetpack_featured_media_url":"https:\/\/zonaroja.com.mx\/wp-content\/uploads\/2020\/03\/Atziri-\u00c1vila.jpg","jetpack_sharing_enabled":true,"_links":{"self":[{"href":"https:\/\/zonaroja.com.mx\/index.php?rest_route=\/wp\/v2\/posts\/9543","targetHints":{"allow":["GET"]}}],"collection":[{"href":"https:\/\/zonaroja.com.mx\/index.php?rest_route=\/wp\/v2\/posts"}],"about":[{"href":"https:\/\/zonaroja.com.mx\/index.php?rest_route=\/wp\/v2\/types\/post"}],"author":[{"embeddable":true,"href":"https:\/\/zonaroja.com.mx\/index.php?rest_route=\/wp\/v2\/users\/2"}],"replies":[{"embeddable":true,"href":"https:\/\/zonaroja.com.mx\/index.php?rest_route=%2Fwp%2Fv2%2Fcomments&post=9543"}],"version-history":[{"count":1,"href":"https:\/\/zonaroja.com.mx\/index.php?rest_route=\/wp\/v2\/posts\/9543\/revisions"}],"predecessor-version":[{"id":9545,"href":"https:\/\/zonaroja.com.mx\/index.php?rest_route=\/wp\/v2\/posts\/9543\/revisions\/9545"}],"wp:featuredmedia":[{"embeddable":true,"href":"https:\/\/zonaroja.com.mx\/index.php?rest_route=\/wp\/v2\/media\/9544"}],"wp:attachment":[{"href":"https:\/\/zonaroja.com.mx\/index.php?rest_route=%2Fwp%2Fv2%2Fmedia&parent=9543"}],"wp:term":[{"taxonomy":"category","embeddable":true,"href":"https:\/\/zonaroja.com.mx\/index.php?rest_route=%2Fwp%2Fv2%2Fcategories&post=9543"},{"taxonomy":"post_tag","embeddable":true,"href":"https:\/\/zonaroja.com.mx\/index.php?rest_route=%2Fwp%2Fv2%2Ftags&post=9543"}],"curies":[{"name":"wp","href":"https:\/\/api.w.org\/{rel}","templated":true}]}}