{"id":9546,"date":"2020-03-06T07:35:04","date_gmt":"2020-03-06T13:35:04","guid":{"rendered":"http:\/\/www.zonaroja.com.mx\/?p=9546"},"modified":"2020-03-06T07:35:08","modified_gmt":"2020-03-06T13:35:08","slug":"con-protestas-en-fiscalia-inician-actividades-por-dia-internacional-de-la-mujer","status":"publish","type":"post","link":"https:\/\/zonaroja.com.mx\/?p=9546","title":{"rendered":"Con protestas en Fiscal\u00eda, inician actividades por D\u00eda Internacional de la Mujer"},"content":{"rendered":"\n<p>Evlin Arag\u00f3n\/Zona Roja.<\/p>\n\n\n\n<p>Oaxaca de Ju\u00e1rez, Oax., 6 de marzo de\n2020.- Con una concentraci\u00f3n y acci\u00f3n colectiva denominada \u00a1Todas juntas por la\njusticia!, en el crucero de La Experimental, San Antonio de la Cal, y en la\nsede alterna de la Fiscal\u00eda General del Estado de Oaxaca, inician este viernes\nactividades con motivo del D\u00eda Internacional de la Mujer.<\/p>\n\n\n\n<p>El s\u00e1bado 7 tendr\u00e1 lugar un evento\ncultural a un costado de la Catedral, que incluir\u00e1 un tianguis de talleres,\ntrueque, cine debate y un concierto musical; mientras que el domingo 8 de marzo\nrealizar\u00e1n el Encuentro de Mujeres Defensoras en San Cristobal Amoltepec,\nseguido de un foro sobre la participaci\u00f3n de la mujer en la lucha social y\nfinalmente una marcha de mujeres por las calles de la ciudad en punto de las 16\nhoras.&nbsp; <\/p>\n\n\n\n<p>Organizaciones de la sociedad civil as\u00ed\ncomo la Secci\u00f3n 22 de la Coordinadora Nacional de Trabajadores de la Educaci\u00f3n\n(CNTE), realizar\u00e1n tambi\u00e9n una marcha el domingo en el marco del D\u00eda\nInternacional de la Mujer. <\/p>\n\n\n\n<p>Las diferentes actividades est\u00e1n\nconvocadas por organizaciones como Surco AC, Consorcio Oaxaca, Ojo de Agua\nComunicaci\u00f3n, Servicios para una Educaci\u00f3n Alternativa EDUCA AC, Sol Rojo,\nentre otras incluida la gremial magisterial. <\/p>\n\n\n\n<p>Mientras que el colectivo Mujeres que\nluchan Oaxaca convoca a una danza por la vida y libertad de las Mujeres\ndenominada \u201cResistimos bailando\u201d, que se llevar\u00e1 a cabo el&nbsp; s\u00e1bado 7 de marzo a las 17:00 horas en la\nPlaza de la Danza. <\/p>\n\n\n\n<p>\u201cEn el d\u00eda internacional de la mujer s\u00e9\nparte de una danza ritual en remembranza de las mujeres desaparecidas y\nasesinadas del mundo\u201d, refiere la convocatoria.&nbsp;\n<\/p>\n\n\n\n<p>El domingo 8 de marzo diversos\ncolectivos y activistas llevar\u00e1n a cabo la pl\u00e1tica\/ conferencia denominada \u201cAnarqu\u00eda,\nFeminismo y Antiespecismo. La interseccionalidad pol\u00edtica contempor\u00e1nea\u201d, que\ntendr\u00e1 lugar en \u201cVerde Vegano\u201d ubicado en Ray\u00f3n 405, Centro; en donde adem\u00e1s se\nllevar\u00e1 a cabo una jornada de activismo del 7 al 22 de marzo. <\/p>\n\n\n\n<p>Las actividades se suman a la marcha ya\nanunciada desde una semana por diversos colectivos feministas de la capital\noaxaque\u00f1a quienes invitaron a todas las mujeres a unirse y participar a la\nactividad que realizar\u00e1n el pr\u00f3ximo domingo y que tendr\u00e1 como punto de reuni\u00f3n\nla entrada principal del Pante\u00f3n General, a partir de las 15:00 horas. <\/p>\n\n\n\n<p>Se trata de una acci\u00f3n global para\nexigir un alto a la violencia de g\u00e9nero y feminicida en el pa\u00eds, demanda que en\nlos \u00faltimos meses ha viralizado el movimiento feminista en los medios de\ncomunicaci\u00f3n y redes sociales ante el aumento desmedido de feminicidios que\nincrementaron tambi\u00e9n la sa\u00f1a con la que los hombres asesinan a las mujeres. <\/p>\n\n\n\n<p>\u201cEs por ti Mar\u00eda del Sol, es por ti\nMar\u00eda Elena, es por ti Dafne,&nbsp; es por ti\nLeslie Wilson, es por ti F\u00e1tima, es por ti Ingrid, es por ti Valeria, es por ti\nJosselynne, es por ti Maricarmen, es por ti Marychuy, es por ti Isabel, es por\nti Guadalupe, es por ti Lesvy, y es por todas nuestras hermanas a las que nadie\nnombra\u201d, refieren como parte de la convocatoria.<\/p>\n","protected":false},"excerpt":{"rendered":"<p>Evlin Arag\u00f3n\/Zona Roja. Oaxaca de Ju\u00e1rez, Oax., 6 de marzo de 2020.- Con una concentraci\u00f3n&hellip;<\/p>\n","protected":false},"author":2,"featured_media":9547,"comment_status":"closed","ping_status":"open","sticky":false,"template":"","format":"standard","meta":{"_lmt_disableupdate":"","_lmt_disable":"","_jetpack_memberships_contains_paid_content":false,"footnotes":""},"categories":[109,47],"tags":[1472],"class_list":["post-9546","post","type-post","status-publish","format-standard","has-post-thumbnail","hentry","category-minuto-a-minuto","category-zona-gris","tag-dia-internacional-de-la-mujer-en-oaxaca"],"jetpack_featured_media_url":"https:\/\/zonaroja.com.mx\/wp-content\/uploads\/2020\/03\/D\u00eda-Internacional-de-la-Mujer.jpg","jetpack_sharing_enabled":true,"_links":{"self":[{"href":"https:\/\/zonaroja.com.mx\/index.php?rest_route=\/wp\/v2\/posts\/9546","targetHints":{"allow":["GET"]}}],"collection":[{"href":"https:\/\/zonaroja.com.mx\/index.php?rest_route=\/wp\/v2\/posts"}],"about":[{"href":"https:\/\/zonaroja.com.mx\/index.php?rest_route=\/wp\/v2\/types\/post"}],"author":[{"embeddable":true,"href":"https:\/\/zonaroja.com.mx\/index.php?rest_route=\/wp\/v2\/users\/2"}],"replies":[{"embeddable":true,"href":"https:\/\/zonaroja.com.mx\/index.php?rest_route=%2Fwp%2Fv2%2Fcomments&post=9546"}],"version-history":[{"count":1,"href":"https:\/\/zonaroja.com.mx\/index.php?rest_route=\/wp\/v2\/posts\/9546\/revisions"}],"predecessor-version":[{"id":9548,"href":"https:\/\/zonaroja.com.mx\/index.php?rest_route=\/wp\/v2\/posts\/9546\/revisions\/9548"}],"wp:featuredmedia":[{"embeddable":true,"href":"https:\/\/zonaroja.com.mx\/index.php?rest_route=\/wp\/v2\/media\/9547"}],"wp:attachment":[{"href":"https:\/\/zonaroja.com.mx\/index.php?rest_route=%2Fwp%2Fv2%2Fmedia&parent=9546"}],"wp:term":[{"taxonomy":"category","embeddable":true,"href":"https:\/\/zonaroja.com.mx\/index.php?rest_route=%2Fwp%2Fv2%2Fcategories&post=9546"},{"taxonomy":"post_tag","embeddable":true,"href":"https:\/\/zonaroja.com.mx\/index.php?rest_route=%2Fwp%2Fv2%2Ftags&post=9546"}],"curies":[{"name":"wp","href":"https:\/\/api.w.org\/{rel}","templated":true}]}}