{"id":9549,"date":"2020-03-06T08:31:39","date_gmt":"2020-03-06T14:31:39","guid":{"rendered":"http:\/\/www.zonaroja.com.mx\/?p=9549"},"modified":"2020-03-06T08:31:42","modified_gmt":"2020-03-06T14:31:42","slug":"participaran-1397-trabajadoras-del-poder-judicial-en-un-dia-sin-mujeres","status":"publish","type":"post","link":"https:\/\/zonaroja.com.mx\/?p=9549","title":{"rendered":"Participar\u00e1n 1,397 trabajadoras del Poder Judicial en \u201cUn d\u00eda sin mujeres\u201d"},"content":{"rendered":"\n<p>Redacci\u00f3n\/Zona Roja.<\/p>\n\n\n\n<p>Oaxaca de Ju\u00e1rez, Oax., 6 de marzo de\n2020.- En la labor que d\u00eda a d\u00eda realiza el Poder Judicial del Estado, para\nimpulsar una justicia eficiente, pronta y expedita, las mujeres se destacan por\nel buen desempe\u00f1o de sus funciones, pues asumen con alto grado de compromiso y\nresponsabilidad las diversas tareas asignadas en beneficio de las y los\noaxaque\u00f1os, dentro de esta instituci\u00f3n de impartici\u00f3n de justicia.<\/p>\n\n\n\n<p>En el marco del D\u00eda Internacional de la\nMujer, \u00e9ste \u00f3rgano jurisdiccional, se suma a la conmemoraci\u00f3n establecida por\nla Organizaci\u00f3n de las Naciones Unidas (ONU) el 8 de marzo, reconociendo el\nesfuerzo de las mujeres por fortalecer el sistema de justicia, quienes a trav\u00e9s\nde su trabajo fomentan la igualdad de oportunidades y el acceso a la labor\njudicial.<\/p>\n\n\n\n<p>Solidariz\u00e1ndose al derecho a una vida\nlibre de violencia, el titular del Tribunal Superior de Justicia y del Consejo\nde la Judicatura, magistrado Eduardo Pinacho S\u00e1nchez, anunci\u00f3 la participaci\u00f3n\nde mil 397 mujeres, en la convocatoria de las diversas expresiones del\nmovimiento social y ciudadano \u201cUn d\u00eda sin mujeres\u201d.<\/p>\n\n\n\n<p>\u201cNos pronunciamos por lograr relaciones\nsociales diferentes, m\u00e1s incluyentes y satisfactorias, basadas en la empat\u00eda,\nla solidaridad, el afecto, la igualdad y el compromiso por el respeto a los\nderechos humanos de todas las personas, en especial el derecho de las mujeres y\nni\u00f1as a vivir libres de violencia\u201d, afirm\u00f3.<\/p>\n\n\n\n<p>Igualmente, Eduardo Pinacho reconoci\u00f3\nque, desde el Poder Judicial, es indispensable fortalecer el desempe\u00f1o de las\ncapacidades de las y los juzgadores para garantizar una mejor administraci\u00f3n e\nimpartici\u00f3n de justicia, as\u00ed como establecer relaciones de igualdad y fomentar\nel respeto a los derechos humanos de las personas.<\/p>\n\n\n\n<p>Adem\u00e1s, la atenci\u00f3n a las\ninsuficiencias, la sensibilizaci\u00f3n de las y los servidores judiciales para\nemitir resoluciones con enfoque de g\u00e9nero y la aplicaci\u00f3n de nuevos\ninstrumentos te\u00f3ricos y metodol\u00f3gicos para la protecci\u00f3n de los grupos\nvulnerados, son ejes primordiales para la labor judicial, recalc\u00f3 el presidente\ndel Tribunal Superior de Justicia y del Consejo de la Judicatura.<\/p>\n\n\n\n<p>Asimismo, explic\u00f3 que desde el inicio de\nsu administraci\u00f3n se ha impulsado entre las y los magistrados, juezas, jueces y\ndem\u00e1s funcionarios judiciales, la formaci\u00f3n y actualizaci\u00f3n continua, que\npermitan generar un cambio de pensamiento y esto repercuta de una manera\npositiva en su desempe\u00f1o, al pasar de un modelo positivista a uno m\u00e1s sensible\ny humano, que considere las necesidades y prop\u00f3sitos de las personas. <\/p>\n","protected":false},"excerpt":{"rendered":"<p>Redacci\u00f3n\/Zona Roja. Oaxaca de Ju\u00e1rez, Oax., 6 de marzo de 2020.- En la labor que&hellip;<\/p>\n","protected":false},"author":2,"featured_media":9550,"comment_status":"closed","ping_status":"open","sticky":false,"template":"","format":"standard","meta":{"_lmt_disableupdate":"","_lmt_disable":"","_jetpack_memberships_contains_paid_content":false,"footnotes":""},"categories":[109,46],"tags":[1369],"class_list":["post-9549","post","type-post","status-publish","format-standard","has-post-thumbnail","hentry","category-minuto-a-minuto","category-zona-blanca","tag-tribunal-superior-de-justicia-de-oaxacatsejo"],"jetpack_featured_media_url":"https:\/\/zonaroja.com.mx\/wp-content\/uploads\/2020\/03\/IMG_2725.jpg","jetpack_sharing_enabled":true,"_links":{"self":[{"href":"https:\/\/zonaroja.com.mx\/index.php?rest_route=\/wp\/v2\/posts\/9549","targetHints":{"allow":["GET"]}}],"collection":[{"href":"https:\/\/zonaroja.com.mx\/index.php?rest_route=\/wp\/v2\/posts"}],"about":[{"href":"https:\/\/zonaroja.com.mx\/index.php?rest_route=\/wp\/v2\/types\/post"}],"author":[{"embeddable":true,"href":"https:\/\/zonaroja.com.mx\/index.php?rest_route=\/wp\/v2\/users\/2"}],"replies":[{"embeddable":true,"href":"https:\/\/zonaroja.com.mx\/index.php?rest_route=%2Fwp%2Fv2%2Fcomments&post=9549"}],"version-history":[{"count":1,"href":"https:\/\/zonaroja.com.mx\/index.php?rest_route=\/wp\/v2\/posts\/9549\/revisions"}],"predecessor-version":[{"id":9551,"href":"https:\/\/zonaroja.com.mx\/index.php?rest_route=\/wp\/v2\/posts\/9549\/revisions\/9551"}],"wp:featuredmedia":[{"embeddable":true,"href":"https:\/\/zonaroja.com.mx\/index.php?rest_route=\/wp\/v2\/media\/9550"}],"wp:attachment":[{"href":"https:\/\/zonaroja.com.mx\/index.php?rest_route=%2Fwp%2Fv2%2Fmedia&parent=9549"}],"wp:term":[{"taxonomy":"category","embeddable":true,"href":"https:\/\/zonaroja.com.mx\/index.php?rest_route=%2Fwp%2Fv2%2Fcategories&post=9549"},{"taxonomy":"post_tag","embeddable":true,"href":"https:\/\/zonaroja.com.mx\/index.php?rest_route=%2Fwp%2Fv2%2Ftags&post=9549"}],"curies":[{"name":"wp","href":"https:\/\/api.w.org\/{rel}","templated":true}]}}