{"id":9552,"date":"2020-03-06T08:48:51","date_gmt":"2020-03-06T14:48:51","guid":{"rendered":"http:\/\/www.zonaroja.com.mx\/?p=9552"},"modified":"2020-03-06T12:17:42","modified_gmt":"2020-03-06T18:17:42","slug":"denuncian-que-gobierno-estatal-administra-conflicto-en-la-uabjo","status":"publish","type":"post","link":"https:\/\/zonaroja.com.mx\/?p=9552","title":{"rendered":"Denuncian que gobierno estatal administra conflicto en la UABJO"},"content":{"rendered":"\n<p>Redacci\u00f3n\/Zona Roja.<\/p>\n\n\n\n<p>Oaxaca de Ju\u00e1rez, Oax., 6 de marzo de\n2020.- A 35 d\u00edas del paro de actividades, trabajadores de base del STEUABJO\ndenunciaron que el gobierno de Oaxaca se inmiscuye en la huelga y administra el\nconflicto en la UABJO para generar desestabilizaci\u00f3n.<\/p>\n\n\n\n<p>El grupo disidente a la dirigencia sindical que encabeza Ariel Luj\u00e1n P\u00e9rez, denunci\u00f3 la intromisi\u00f3n de funcionarios como Germ\u00e1n Espinosa Santib\u00e1\u00f1ez, H\u00e9ctor Anuar Mafud, Jos\u00e9 Manuel Vera Salinas y Donato Casas Escamilla, as\u00ed como el diputado Alejandro Avil\u00e9s, de movilizar a sus respectivos grupos y \u201cporros\u201d para evitar que haya soluci\u00f3n a las demandas y para radicalizar la pr\u00f3xima sucesi\u00f3n del rector.<\/p>\n\n\n\n<p>De la misma manera, al interior del Sindicato de Trabajadores y Empleados de la UABJO hay por lo menos tres grupos que se disputan prebendas, sin tomar en cuenta el desgaste que sufre la movilizaci\u00f3n, a m\u00e1s de un mes del paro. Por ello, pidieron la intervenci\u00f3n del gobierno de Andr\u00e9s Manuel L\u00f3pez Obrador para exigir a las autoridades oaxaque\u00f1as saquen las manos de la Universidad.<\/p>\n\n\n\n<p>Este viernes, un grupo de \u201cporros\u201d, afines  a Francisco Vel\u00e1squez, alias \u201cEl Sonrics\u201d, y Julio Mora , dieron una conferencia de prensa para reiterar su apoyo al STEUABJO. <\/p>\n\n\n\n<p>LLAMAN AL DI\u00c1LOGO<\/p>\n\n\n\n<p>Por su parte, en un comunicado, el Poder\nLegislativo solicit\u00f3 a la rector\u00eda y a los trabajadores en huelga de la\nUniversidad Aut\u00f3noma Benito Ju\u00e1rez de Oaxaca (UABJO), solucionar la crisis que\nhoy enfrenta la M\u00e1xima Casa de Estudios, para garantizar en todo momento el\nderecho a la educaci\u00f3n p\u00fablica de los 26 mil 500 estudiantes.<\/p>\n\n\n\n<p>A trav\u00e9s de un exhorto, diputadas y\ndiputados locales, adem\u00e1s de expresar apoyo al rector de la universidad, Eduardo\nBautista Mart\u00ednez, le plantearon hacer el m\u00e1ximo esfuerzo para encontrar v\u00edas\nde arreglo a la situaci\u00f3n en la que se encuentra esta instituci\u00f3n, siempre a\ntrav\u00e9s del di\u00e1logo entre autoridades y la base trabajadora.<\/p>\n\n\n\n<p>Tambi\u00e9n, pidieron al Sindicato de\nTrabajadores y Empleados de la Universidad Aut\u00f3noma Aut\u00f3noma Benito Ju\u00e1rez de\nOaxaca (STEUABJO), a flexibilizar sus posiciones y permitir una salida pronta a\nla huelga que afecta a dicha casa de estudios.<\/p>\n\n\n\n<p>Al titular del \u00d3rgano Superior de\nFiscalizaci\u00f3n del Estado, Guillermo Megch\u00fan Vel\u00e1squez, le solicitaron\nabstenerse de cualquier intromisi\u00f3n en los procesos internos de la instituci\u00f3n\neducativa.<\/p>\n\n\n\n<p>El llamado general es para todos los\nactores involucrados en la huelga, que desde hace m\u00e1s de un mes mantiene el\ncierre de las instalaciones de la universidad, a efecto de ponderar el derecho\ndel estudiantado al acceso a la educaci\u00f3n.<\/p>\n","protected":false},"excerpt":{"rendered":"<p>Redacci\u00f3n\/Zona Roja. Oaxaca de Ju\u00e1rez, Oax., 6 de marzo de 2020.- A 35 d\u00edas del&hellip;<\/p>\n","protected":false},"author":2,"featured_media":9553,"comment_status":"closed","ping_status":"open","sticky":false,"template":"","format":"standard","meta":{"_lmt_disableupdate":"","_lmt_disable":"","_jetpack_memberships_contains_paid_content":false,"footnotes":""},"categories":[109],"tags":[1450],"class_list":["post-9552","post","type-post","status-publish","format-standard","has-post-thumbnail","hentry","category-minuto-a-minuto","tag-huelga-steuabjo"],"jetpack_featured_media_url":"https:\/\/zonaroja.com.mx\/wp-content\/uploads\/2020\/03\/Paro-STEUABJO.jpg","jetpack_sharing_enabled":true,"_links":{"self":[{"href":"https:\/\/zonaroja.com.mx\/index.php?rest_route=\/wp\/v2\/posts\/9552","targetHints":{"allow":["GET"]}}],"collection":[{"href":"https:\/\/zonaroja.com.mx\/index.php?rest_route=\/wp\/v2\/posts"}],"about":[{"href":"https:\/\/zonaroja.com.mx\/index.php?rest_route=\/wp\/v2\/types\/post"}],"author":[{"embeddable":true,"href":"https:\/\/zonaroja.com.mx\/index.php?rest_route=\/wp\/v2\/users\/2"}],"replies":[{"embeddable":true,"href":"https:\/\/zonaroja.com.mx\/index.php?rest_route=%2Fwp%2Fv2%2Fcomments&post=9552"}],"version-history":[{"count":2,"href":"https:\/\/zonaroja.com.mx\/index.php?rest_route=\/wp\/v2\/posts\/9552\/revisions"}],"predecessor-version":[{"id":9560,"href":"https:\/\/zonaroja.com.mx\/index.php?rest_route=\/wp\/v2\/posts\/9552\/revisions\/9560"}],"wp:featuredmedia":[{"embeddable":true,"href":"https:\/\/zonaroja.com.mx\/index.php?rest_route=\/wp\/v2\/media\/9553"}],"wp:attachment":[{"href":"https:\/\/zonaroja.com.mx\/index.php?rest_route=%2Fwp%2Fv2%2Fmedia&parent=9552"}],"wp:term":[{"taxonomy":"category","embeddable":true,"href":"https:\/\/zonaroja.com.mx\/index.php?rest_route=%2Fwp%2Fv2%2Fcategories&post=9552"},{"taxonomy":"post_tag","embeddable":true,"href":"https:\/\/zonaroja.com.mx\/index.php?rest_route=%2Fwp%2Fv2%2Ftags&post=9552"}],"curies":[{"name":"wp","href":"https:\/\/api.w.org\/{rel}","templated":true}]}}