{"id":9555,"date":"2020-03-06T08:52:00","date_gmt":"2020-03-06T14:52:00","guid":{"rendered":"http:\/\/www.zonaroja.com.mx\/?p=9555"},"modified":"2020-03-06T08:52:05","modified_gmt":"2020-03-06T14:52:05","slug":"saxofonista-pide-intervencion-de-amlo-para-dar-con-agresor","status":"publish","type":"post","link":"https:\/\/zonaroja.com.mx\/?p=9555","title":{"rendered":"Saxofonista pide intervenci\u00f3n de AMLO para dar con agresor"},"content":{"rendered":"\n<p>Redacci\u00f3n\/Zona Roja Cdmx.<\/p>\n\n\n\n<p>Ciudad de M\u00e9xico, 6 de marzo de 2020.-\nLa saxofonista oaxaque\u00f1a Mar\u00eda Elena R\u00edos, atacada con \u00e1cido en septiembre del\na\u00f1o pasado, pidi\u00f3 al presidente Andr\u00e9s Manuel L\u00f3pez Obrador que sus palabras de\napoyo a la mujer no se queden solo en el discurso y ordene la detenci\u00f3n\ninmediata de Juan Antonio Vera Carrizal, a quien se\u00f1ala como su agresor, ya que\nla fiscal\u00eda estatal ha incurrido en omisiones y encubrimiento.<\/p>\n\n\n\n<p>\u201cSer\u00eda absurdo mandarle un mensaje a la\nfiscal\u00eda, cuando se le ha insistido de muchas maneras (en que lo capture). M\u00e1s\nque nada env\u00edo un mensaje al Presidente (Andr\u00e9s Manuel L\u00f3pez Obrador), que\nordene la detenci\u00f3n inmediata de mi agresor, ya que \u00e9l manifest\u00f3 que est\u00e1 del\nlado de la mujer y sus derechos; entonces quiero ver que sus palabras no se\nqueden en el aire\u201d, expres\u00f3 en entrevista en MILENIO Televisi\u00f3n.<\/p>\n\n\n\n<p>A punto de cumplirse seis meses de la\nagresi\u00f3n presuntamente ordenada por Vera Carrizal, en Huajuapan de Le\u00f3n, la\njoven de 26 a\u00f1os acus\u00f3 a la Fiscal\u00eda General estatal de encubrir al ex diputado\npriista, quien la intimidaba dici\u00e9ndole que ten\u00eda mucho poder pol\u00edtico y\necon\u00f3mico, no solo en la capital oaxaque\u00f1a, sino en toda en la entidad.<\/p>\n\n\n\n<p>De acuerdo con MILENIO, mencion\u00f3 que las\ninvestigaciones est\u00e1n detenidas y en lo \u00fanico que se ha avanzado es en la\nrecompensa de un mill\u00f3n de pesos que ofrecen por \u00e9l desde el 18 de febrero para\nquien proporcione datos que ayuden a ubicar a este sujeto por tentativa de\nfeminicidio.<\/p>\n\n\n\n<p>Sin embargo, sostuvo la joven, los datos\nde la identidad del tambi\u00e9n empresario contenidos en la ficha de b\u00fasqueda son\nerr\u00f3neos, ya que Vera Carrizal \u201ctiene una cirug\u00eda en la cara y en la nariz,\nestiramiento de piel y papada, y mide aproximadamente 1.52 cent\u00edmetros,\nmientras que en los carteles difundidos, que el ahora pr\u00f3fugo \u2018mand\u00f3 a romper\u2019,\nlo ponen de 1.70 cent\u00edmetros.<\/p>\n\n\n\n<p>\u201cSi de por s\u00ed no ha habido una\nlocalizaci\u00f3n efectiva, de ninguna manera con una recompensa de este tipo\ntampoco va a ocurrir, porque mi agresor s\u00ed ha cambiado mucho su apariencia\u201d,\nreproch\u00f3 R\u00edos, en entrevista con MILENIO.<\/p>\n\n\n\n<p>La saxofonista abund\u00f3 que el proceso que\nsigue la FGE est\u00e1 plagado de irregularidades, a pesar de que ya se detuvo a los\ndos autores materiales y que hay se\u00f1alamientos directos en su contra, lo que no\ndeja ninguna duda de que Vera Carrizal es el responsable de agredirla y de que\nla dependencia lo encubre de \u201cmanera descarada\u201d.<\/p>\n\n\n\n<p>A la par de las irregularidades en el\ncaso, mencion\u00f3 que tampoco cuenta con medidas de protecci\u00f3n y que apenas la\nsemana pasada le instalaron un bot\u00f3n de p\u00e1nico, pero eso \u201cno es una protecci\u00f3n\ncompleta\u201d para ella y su familia, expuso a MILENIO.<\/p>\n\n\n\n<p>\u201cUno establece un plan de vida y que te\nlo cambien de la noche a la ma\u00f1ana no es f\u00e1cil&#8230; es proceso de mucho tiempo,\nmuy doloroso, desafortunadamente (Vera Carrizal) lastim\u00f3 demasiado mi piel y mi\ncara y es algo que no voy a recuperar, los m\u00e9dicos me lo han hecho saber, pero\nno lastim\u00f3 mi criterio, tengo que alzar la voz para que se me haga justicia\u201d,\nsostuvo.<\/p>\n\n\n\n<figure class=\"wp-block-embed\"><div class=\"wp-block-embed__wrapper\">\nhttps:\/\/www.milenio.com\/policia\/violencia-de-genero\/saxofonista-pide-intervencion-de-amlo-para-dar-con-agresor\n<\/div><\/figure>\n","protected":false},"excerpt":{"rendered":"<p>Redacci\u00f3n\/Zona Roja Cdmx. Ciudad de M\u00e9xico, 6 de marzo de 2020.- La saxofonista oaxaque\u00f1a Mar\u00eda&hellip;<\/p>\n","protected":false},"author":2,"featured_media":6633,"comment_status":"closed","ping_status":"open","sticky":false,"template":"","format":"standard","meta":{"_lmt_disableupdate":"","_lmt_disable":"","_jetpack_memberships_contains_paid_content":false,"footnotes":""},"categories":[109,47],"tags":[1124],"class_list":["post-9555","post","type-post","status-publish","format-standard","has-post-thumbnail","hentry","category-minuto-a-minuto","category-zona-gris","tag-maria-elena-rios-ortiz"],"jetpack_featured_media_url":"https:\/\/zonaroja.com.mx\/wp-content\/uploads\/2019\/12\/Mar\u00eda-Elena-R\u00edos2.jpg","jetpack_sharing_enabled":true,"_links":{"self":[{"href":"https:\/\/zonaroja.com.mx\/index.php?rest_route=\/wp\/v2\/posts\/9555","targetHints":{"allow":["GET"]}}],"collection":[{"href":"https:\/\/zonaroja.com.mx\/index.php?rest_route=\/wp\/v2\/posts"}],"about":[{"href":"https:\/\/zonaroja.com.mx\/index.php?rest_route=\/wp\/v2\/types\/post"}],"author":[{"embeddable":true,"href":"https:\/\/zonaroja.com.mx\/index.php?rest_route=\/wp\/v2\/users\/2"}],"replies":[{"embeddable":true,"href":"https:\/\/zonaroja.com.mx\/index.php?rest_route=%2Fwp%2Fv2%2Fcomments&post=9555"}],"version-history":[{"count":1,"href":"https:\/\/zonaroja.com.mx\/index.php?rest_route=\/wp\/v2\/posts\/9555\/revisions"}],"predecessor-version":[{"id":9556,"href":"https:\/\/zonaroja.com.mx\/index.php?rest_route=\/wp\/v2\/posts\/9555\/revisions\/9556"}],"wp:featuredmedia":[{"embeddable":true,"href":"https:\/\/zonaroja.com.mx\/index.php?rest_route=\/wp\/v2\/media\/6633"}],"wp:attachment":[{"href":"https:\/\/zonaroja.com.mx\/index.php?rest_route=%2Fwp%2Fv2%2Fmedia&parent=9555"}],"wp:term":[{"taxonomy":"category","embeddable":true,"href":"https:\/\/zonaroja.com.mx\/index.php?rest_route=%2Fwp%2Fv2%2Fcategories&post=9555"},{"taxonomy":"post_tag","embeddable":true,"href":"https:\/\/zonaroja.com.mx\/index.php?rest_route=%2Fwp%2Fv2%2Ftags&post=9555"}],"curies":[{"name":"wp","href":"https:\/\/api.w.org\/{rel}","templated":true}]}}