{"id":9557,"date":"2020-03-06T08:58:21","date_gmt":"2020-03-06T14:58:21","guid":{"rendered":"http:\/\/www.zonaroja.com.mx\/?p=9557"},"modified":"2020-03-06T08:58:24","modified_gmt":"2020-03-06T14:58:24","slug":"indispensable-un-periodismo-que-tome-en-cuenta-a-las-mujeres-soledad-jarquin","status":"publish","type":"post","link":"https:\/\/zonaroja.com.mx\/?p=9557","title":{"rendered":"Indispensable un periodismo que tome en cuenta a las mujeres: Soledad Jarqu\u00edn"},"content":{"rendered":"\n<p>Evlin Arag\u00f3n\/Zona Roja.<\/p>\n\n\n\n<p>Oaxaca de Ju\u00e1rez, Oax., 6 de marzo de\n2020.- \u201cLos medios de comunicaci\u00f3n muestran una representaci\u00f3n humana\ninequitativa y desequilibrada de la vida cotidiana. La realidad es mostrada de\nacuerdo con los intereses de quienes tienen el poder de la cultura de una\nsociedad\u201d. <\/p>\n\n\n\n<p>As\u00ed lo expuso la reconocida periodista\noaxaque\u00f1a Soledad Jarqu\u00edn Edgar, al detallar la necesidad de contar un\nperiodismo comprometido, \u00e9tico y sensible para retratar la realidad de las\nmujeres, que estos momentos responde a una vor\u00e1gine de violencia de g\u00e9nero y\nfeminicida.<\/p>\n\n\n\n<p>Lo anterior en el marco del foro \u201cLibertad\nde Expresi\u00f3n y Participaci\u00f3n Pol\u00edtica de las Mujeres en Oaxaca\u201d que se realiz\u00f3 en\nla sede del Congreso del Estado y organizado por la Comisi\u00f3n de Gobernaci\u00f3n\nencabezada por la diputada Elisa Zepeda Lagunas.<\/p>\n\n\n\n<p>De acuerdo con la periodista, los medios\nde comunicaci\u00f3n han dejado fuera hist\u00f3ricamente a las mujeres &#8211;entre otros grupos\npoblacionales&#8211; pese a tratarse de m\u00e1s de la mitad de la poblaci\u00f3n en el mundo;\nsin embargo, ese espacio medi\u00e1tico es reinado a\u00fan hoy en d\u00eda por los varones,\naunque la fuerza del movimiento feminista se est\u00e1 haciendo ver cada vez m\u00e1s. <\/p>\n\n\n\n<p>\u201cLa desigualdad permanece, no constituimos el peso real de las noticias, porque las noticias no responden per se a un suceso, su peso valorativo depende de la jerarquizaci\u00f3n tradicional de la informaci\u00f3n y la comunicaci\u00f3n: es decir, desde el poder\u201d, refiere. <\/p>\n\n\n\n<figure class=\"wp-block-embed-twitter wp-block-embed is-type-rich is-provider-twitter\"><div class=\"wp-block-embed__wrapper\">\n<div class=\"twitter-tweet\"><blockquote class=\"twitter-tweet\" data-lang=\"es\"><p lang=\"es\" dir=\"ltr\"><a href=\"https:\/\/twitter.com\/hashtag\/FeminicidiosEmergenciaNacional?src=hash&amp;ref_src=twsrc%5Etfw\">#FeminicidiosEmergenciaNacional<\/a> <br>En el foro \u201cLibertad de expresi\u00f3n y participaci\u00f3n pol\u00edtica de las mujeres en <a href=\"https:\/\/twitter.com\/hashtag\/Oaxaca?src=hash&amp;ref_src=twsrc%5Etfw\">#Oaxaca<\/a>\u201d, efectuado en el <a href=\"https:\/\/twitter.com\/CongresoOaxLXIV?ref_src=twsrc%5Etfw\">@CongresoOaxLXIV<\/a>, particip\u00f3 como ponente la reconocida periodista <a href=\"https:\/\/twitter.com\/jarquinedgar?ref_src=twsrc%5Etfw\">@jarquinedgar<\/a>: <a href=\"https:\/\/t.co\/Ujkm9ahXcD\">pic.twitter.com\/Ujkm9ahXcD<\/a><\/p>&mdash; Zona Roja Oaxaca (@MexRoja) <a href=\"https:\/\/twitter.com\/MexRoja\/status\/1235259967755685889?ref_src=twsrc%5Etfw\">4 de marzo de 2020<\/a><\/blockquote><\/div>\n<\/div><\/figure>\n\n\n\n<p>Asegur\u00f3 que los grandes retos del\nperiodismo actual radican en construir una nueva forma distinta de comunicar e\ninformar capaz de responder a la realidad; as\u00ed como la desnaturalizaci\u00f3n de la\nviolencia.<\/p>\n\n\n\n<p>\u201cNo permitir ni un \u00e1pice de ella, lo que\nsignifica menos sangre en la representaci\u00f3n iconogr\u00e1fica de las v\u00edctimas y\nevitar el relato de historias que no abonan a la justicia para las mujeres, por\nel contrario, justifican el crimen. Y s\u00ed, dar a esas noticias un tratamiento de\nfondo\u201d. <\/p>\n\n\n\n<p>As\u00ed mismo, romper con la estructura ya\nestablecida en donde sexualiza y cosifica la imagen de las mujeres y cambiar la\nestructura en la que se concibe una noticia, dejar de ponderar la informaci\u00f3n\nde la clase pol\u00edtica y econ\u00f3mica que aparece en primera plana, en lugar de dar\nvoz a las mujeres expertas en muchas tem\u00e1ticas y no solamente en las que\ncompeten al hogar y al cuidado de los hijos. <\/p>\n\n\n\n<p>La especialista en comunicaci\u00f3n con\nperspectiva de g\u00e9nero critic\u00f3 la publicidad sexista que tiende a perpetuar\nestereotipos negativos, como el de la debilidad de las mujeres o la\nvictimizaci\u00f3n de la condici\u00f3n femenina, sin dejar de mencionar que es\nsobrevalorada la belleza f\u00edsica por encima de cualquier otro rasgo o aptitud. <\/p>\n\n\n\n<p>Por lo anterior hizo un llamado a los\ndiferentes medios de comunicaci\u00f3n a fin de ampliar la mirada y asumir la \u00e9tica\nperiod\u00edstica bajo el inter\u00e9s social y no comercial; dejando de lado la idea de\nque el espacio p\u00fablico no es de las mujeres e incluyendo un lenguaje no sexista\ny con perspectiva de g\u00e9nero. <\/p>\n\n\n\n<p>\u201cComunicaci\u00f3n con perspectiva de g\u00e9nero,\nincluyente, sin discriminaci\u00f3n de las mujeres, que las muestre de forma\nigualitaria, sin estereotipos que las encasillen en ideas que parecen\ninamovibles y con una nueva pol\u00edtica del lenguaje alejado del sexismo, la\nexclusi\u00f3n, y la desvalorizaci\u00f3n\u201d. <\/p>\n\n\n\n<p>Jarqu\u00edn Edgar detall\u00f3 que el reto es\ncomunicar e informar sin olvidar que el periodismo es una tarea humana,\ncomprometida y \u00e9tica, por lo que es fundamental volver los ojos a las mujeres.\n\u201cHacer periodismo desde la otra mirada\u201d. <\/p>\n","protected":false},"excerpt":{"rendered":"<p>Evlin Arag\u00f3n\/Zona Roja. Oaxaca de Ju\u00e1rez, Oax., 6 de marzo de 2020.- \u201cLos medios de&hellip;<\/p>\n","protected":false},"author":2,"featured_media":9558,"comment_status":"closed","ping_status":"open","sticky":false,"template":"","format":"standard","meta":{"_lmt_disableupdate":"","_lmt_disable":"","_jetpack_memberships_contains_paid_content":false,"footnotes":""},"categories":[109],"tags":[1105],"class_list":["post-9557","post","type-post","status-publish","format-standard","has-post-thumbnail","hentry","category-minuto-a-minuto","tag-soledad-jarquin-edgar"],"jetpack_featured_media_url":"https:\/\/zonaroja.com.mx\/wp-content\/uploads\/2020\/03\/Foro-Soledad-Jarqu\u00edn.jpg","jetpack_sharing_enabled":true,"_links":{"self":[{"href":"https:\/\/zonaroja.com.mx\/index.php?rest_route=\/wp\/v2\/posts\/9557","targetHints":{"allow":["GET"]}}],"collection":[{"href":"https:\/\/zonaroja.com.mx\/index.php?rest_route=\/wp\/v2\/posts"}],"about":[{"href":"https:\/\/zonaroja.com.mx\/index.php?rest_route=\/wp\/v2\/types\/post"}],"author":[{"embeddable":true,"href":"https:\/\/zonaroja.com.mx\/index.php?rest_route=\/wp\/v2\/users\/2"}],"replies":[{"embeddable":true,"href":"https:\/\/zonaroja.com.mx\/index.php?rest_route=%2Fwp%2Fv2%2Fcomments&post=9557"}],"version-history":[{"count":1,"href":"https:\/\/zonaroja.com.mx\/index.php?rest_route=\/wp\/v2\/posts\/9557\/revisions"}],"predecessor-version":[{"id":9559,"href":"https:\/\/zonaroja.com.mx\/index.php?rest_route=\/wp\/v2\/posts\/9557\/revisions\/9559"}],"wp:featuredmedia":[{"embeddable":true,"href":"https:\/\/zonaroja.com.mx\/index.php?rest_route=\/wp\/v2\/media\/9558"}],"wp:attachment":[{"href":"https:\/\/zonaroja.com.mx\/index.php?rest_route=%2Fwp%2Fv2%2Fmedia&parent=9557"}],"wp:term":[{"taxonomy":"category","embeddable":true,"href":"https:\/\/zonaroja.com.mx\/index.php?rest_route=%2Fwp%2Fv2%2Fcategories&post=9557"},{"taxonomy":"post_tag","embeddable":true,"href":"https:\/\/zonaroja.com.mx\/index.php?rest_route=%2Fwp%2Fv2%2Ftags&post=9557"}],"curies":[{"name":"wp","href":"https:\/\/api.w.org\/{rel}","templated":true}]}}