{"id":9562,"date":"2020-03-06T13:47:51","date_gmt":"2020-03-06T19:47:51","guid":{"rendered":"https:\/\/www.zonaroja.com.mx\/?p=9562"},"modified":"2020-03-06T13:47:54","modified_gmt":"2020-03-06T19:47:54","slug":"enesimo-feminicidio-en-oaxaca-en-visperas-del-dia-internacional-de-la-mujer","status":"publish","type":"post","link":"https:\/\/zonaroja.com.mx\/?p=9562","title":{"rendered":"En\u00e9simo feminicidio en Oaxaca, en v\u00edsperas del D\u00eda Internacional de la Mujer"},"content":{"rendered":"\n<p>Yuridiana Sosa\/Zona Roja. <br>Oaxaca de Ju\u00e1rez, Oax., 6 de marzo de 2020.- A dos d\u00edas de la conmemoraci\u00f3n al D\u00eda Internacional de la Mujer, una mujer ind\u00edgena de la regi\u00f3n Mixteca de Oaxaca fue asesinada en su domicilio con disparos de arma de fuego.<\/p>\n\n\n\n<p>La v\u00edctima de feminicidio, Nayelli A. R., ten\u00eda 29 a\u00f1os de edad , quien fue atacada en el interior de su vivienda en la comunidad de San Lorenzo Victoria, indic\u00f3 el reporte policial.<\/p>\n\n\n\n<p>El hecho violento ocurri\u00f3 aproximadamente <a href=\"\/\/1\">a las 23:00<\/a> horas de <a href=\"\/\/2\">este jueves<\/a>. Minutos despu\u00e9s, vecinos alertaron a la Polic\u00eda Municipal sobre el registro de disparos de arma en la calle de Negrete, en la zona centro de ese municipio perteneciente al distrito de Silacayo\u00e1pam.<\/p>\n\n\n\n<p>Las autoridades policiales detallaron que en el ataque tambi\u00e9n result\u00f3 herido de bala un var\u00f3n.<\/p>\n\n\n\n<p>La vivienda fue acordonada por los elementos de seguridad p\u00fablica, para iniciar las diligencias correspondientes.<br>El caso fue remitido al personal de la Vicefiscal\u00eda Regional de Justicia en la Mixteca.<\/p>\n\n\n\n<p><\/p>\n","protected":false},"excerpt":{"rendered":"<p>Yuridiana Sosa\/Zona Roja. Oaxaca de Ju\u00e1rez, Oax., 6 de marzo de 2020.- A dos d\u00edas&hellip;<\/p>\n","protected":false},"author":2,"featured_media":9561,"comment_status":"closed","ping_status":"open","sticky":false,"template":"","format":"standard","meta":{"_lmt_disableupdate":"","_lmt_disable":"","_jetpack_memberships_contains_paid_content":false,"footnotes":""},"categories":[109,51],"tags":[1081],"class_list":["post-9562","post","type-post","status-publish","format-standard","has-post-thumbnail","hentry","category-minuto-a-minuto","category-zona-roja","tag-feminicidios-en-oaxaca"],"jetpack_featured_media_url":"https:\/\/zonaroja.com.mx\/wp-content\/uploads\/2020\/03\/892c08cd-3950-4689-8ab8-8b98fa16e3fa.jpg","jetpack_sharing_enabled":true,"_links":{"self":[{"href":"https:\/\/zonaroja.com.mx\/index.php?rest_route=\/wp\/v2\/posts\/9562","targetHints":{"allow":["GET"]}}],"collection":[{"href":"https:\/\/zonaroja.com.mx\/index.php?rest_route=\/wp\/v2\/posts"}],"about":[{"href":"https:\/\/zonaroja.com.mx\/index.php?rest_route=\/wp\/v2\/types\/post"}],"author":[{"embeddable":true,"href":"https:\/\/zonaroja.com.mx\/index.php?rest_route=\/wp\/v2\/users\/2"}],"replies":[{"embeddable":true,"href":"https:\/\/zonaroja.com.mx\/index.php?rest_route=%2Fwp%2Fv2%2Fcomments&post=9562"}],"version-history":[{"count":1,"href":"https:\/\/zonaroja.com.mx\/index.php?rest_route=\/wp\/v2\/posts\/9562\/revisions"}],"predecessor-version":[{"id":9563,"href":"https:\/\/zonaroja.com.mx\/index.php?rest_route=\/wp\/v2\/posts\/9562\/revisions\/9563"}],"wp:featuredmedia":[{"embeddable":true,"href":"https:\/\/zonaroja.com.mx\/index.php?rest_route=\/wp\/v2\/media\/9561"}],"wp:attachment":[{"href":"https:\/\/zonaroja.com.mx\/index.php?rest_route=%2Fwp%2Fv2%2Fmedia&parent=9562"}],"wp:term":[{"taxonomy":"category","embeddable":true,"href":"https:\/\/zonaroja.com.mx\/index.php?rest_route=%2Fwp%2Fv2%2Fcategories&post=9562"},{"taxonomy":"post_tag","embeddable":true,"href":"https:\/\/zonaroja.com.mx\/index.php?rest_route=%2Fwp%2Fv2%2Ftags&post=9562"}],"curies":[{"name":"wp","href":"https:\/\/api.w.org\/{rel}","templated":true}]}}