{"id":9565,"date":"2020-03-06T15:18:27","date_gmt":"2020-03-06T21:18:27","guid":{"rendered":"https:\/\/www.zonaroja.com.mx\/?p=9565"},"modified":"2020-03-06T15:19:29","modified_gmt":"2020-03-06T21:19:29","slug":"movia-vera-carrizal-recursos-de-probable-procedencia-ilicita-hasta-por-325-mdp-le-congelan-cuentas","status":"publish","type":"post","link":"https:\/\/zonaroja.com.mx\/?p=9565","title":{"rendered":"Mov\u00eda Vera Carrizal recursos de probable procedencia il\u00edcita hasta por 325 mdp; le congelan cuentas"},"content":{"rendered":"\n<p>Evlin Arag\u00f3n\/Zona Roja. <br>Oaxaca de Ju\u00e1rez, Oax.. 6 de marzo de 2020.- El titular de la Unidad de Inteligencia Financiera de la Secretar\u00eda de Hacienda y Cr\u00e9dito Publico, Santiago Nieto Castillo, inform\u00f3 que fueron congeladas las cuentas del empresario gasolinero Juan Antonio Vera Carrizal, se\u00f1alado como principal autor intelectual del ataque con \u00e1cido a la saxofonista Mar\u00eda Elena Rios Ortiz, registrado en septiembre pasado en Huajuapan de Le\u00f3n.<\/p>\n\n\n\n<p>Lo anterior lo dio a conocer en su visita a la ciudad de Oaxaca, en donde mencion\u00f3 que el tambi\u00e9n ex diputado local por el PRI est\u00e1 vinculado en acciones que podr\u00edan derivar en el delito de lavado de dinero, como lo es la triangulaci\u00f3n de recursos de procedencia il\u00edcita, por lo que fue ingresado a la lista de personas bloqueadas de la Comisi\u00f3n Nacional Bancaria y de Valores.<\/p>\n\n\n\n<p>El funcionario federal explic\u00f3 que se detect\u00f3 la recepci\u00f3n de fuertes cantidades econ\u00f3micas en las cuentas bancarias de Vera Carrizal, mismas que superan los 325 millones de pesos, as\u00ed como declaraciones anuales de los cuatro \u00faltimos a\u00f1os que superan los 503 millones, informaci\u00f3n que ser\u00e1 integrada en la carpeta de investigaci\u00f3n abierta actualmente en su contra. <\/p>\n\n\n\n<p>Nieto Castillo asegur\u00f3 que no se descarta que el hoy pr\u00f3fugo de la justicia est\u00e9 vinculado al delito de \u201chuachicol\u201d, al estar inmerso en el mundo de los combustibles, sin embargo esa informaci\u00f3n ser\u00e1 confirmada o no conforme al desarrollo de la investigaci\u00f3n. <\/p>\n\n\n\n<p>En la sesi\u00f3n de preguntas y respuestas, reconoci\u00f3 que hay una investigaci\u00f3n con respecto a los Servicios de Salud de Oaxaca, por facturaci\u00f3n falsa y probables empresas fantasma, no obstante evadi\u00f3 dar m\u00e1s detalles. <\/p>\n\n\n\n<p>En cuanto al caso del Infonavit, deslind\u00f3 al gobernador Alejandro Murat Hinojosa acerca del fraude ocurrido con una empresa, por m\u00e1s de cinco mil millones de pesos.<\/p>\n\n\n\n<p><div class=\"twitter-tweet\"><blockquote class=\"twitter-tweet\" data-lang=\"es\"><p lang=\"es\" dir=\"ltr\">El titular de la Unidad de Inteligencia Financiera del gobierno federal, <a href=\"https:\/\/twitter.com\/SNietoCastillo?ref_src=twsrc%5Etfw\">@SNietoCastillo<\/a>, anunci\u00f3 en Oaxaca que hall\u00f3 irregularidades financieras al ex diputado local Juan Antonio Vera Carrizal -acusado de agredir a Mar\u00eda Elena-, por lo que le fueron congeladas sus cuentas. <a href=\"https:\/\/t.co\/nbFF89cVZ6\">pic.twitter.com\/nbFF89cVZ6<\/a><\/p>&mdash; Zona Roja Oaxaca (@MexRoja) <a href=\"https:\/\/twitter.com\/MexRoja\/status\/1235984665955184640?ref_src=twsrc%5Etfw\">6 de marzo de 2020<\/a><\/blockquote><\/div><\/p>\n\n\n\n<p>Mientras que el fiscal de Oaxaca, Rub\u00e9n Vasconcelos M\u00e9ndez, asegur\u00f3 que mantienen la b\u00fasqueda del empresario por lo cual incluso han ofrecido una recompensa para quien o quienes den datos \u00fatiles en la localizaci\u00f3n, as\u00ed como la de otras dos personas vinculadas con los hechos y que tambi\u00e9n cuentan con orden de aprensi\u00f3n. <\/p>\n\n\n\n<p>Detall\u00f3 que la investigaci\u00f3n del caso se est\u00e1 realizando de forma integral para dar con los responsables y atender a la v\u00edctima, a quien dijo se le han otorgado medidas de protecci\u00f3n para evitar que ella y su familia puedan ser agredidas de nueva cuenta.<\/p>\n\n\n\n<p>Finalmente asegur\u00f3 que Mar\u00eda Elena cuenta con atenci\u00f3n psicosocial por parte del Estado, lo cual ha sido puesto en duda por la joven que ha recorrido los principales medios nacionales para denunciar su temor de ser agredida nuevamente y ia irregularidades que presenta la ficha de b\u00fasqueda de su agresor. <\/p>\n\n\n\n<p>Recientemente, se\u00f1al\u00f3 que la fotograf\u00eda difundida por la dependencia como parte de la ficha de b\u00fasqueda, que incluso fue colocada en varios espectaculares por la ciudad de Oaxaca, es antigua y no corresponde a la apariencia actual de Vera Carrizal, as\u00ed mismo que ofrece datos err\u00f3neos sobre sus caracter\u00edsticas f\u00edsicas.<\/p>\n\n\n\n<p>De acuerdo al testimonio de la joven, se realiz\u00f3 con anterioridad una cirug\u00eda en la zona de la nariz, as\u00ed como un estiramiento facial; asimismo el dato sobre su estatura es err\u00f3neo, ya que mide aproximadamente 1.50 metros y no 1.70 metros como lo se\u00f1ala la ficha de b\u00fasqueda.<\/p>\n\n\n\n<p>Lo anterior dificultar\u00eda la identificaci\u00f3n del presunto autor intelectual de la agresi\u00f3n con \u00e1cido suscitada en septiembre en el municipio de Huajuapan de Le\u00f3n, que dej\u00f3 graves secuelas a la joven cuyo sue\u00f1o era dedicarse a la m\u00fasica.<\/p>\n","protected":false},"excerpt":{"rendered":"<p>Evlin Arag\u00f3n\/Zona Roja. Oaxaca de Ju\u00e1rez, Oax.. 6 de marzo de 2020.- El titular de&hellip;<\/p>\n","protected":false},"author":2,"featured_media":9564,"comment_status":"closed","ping_status":"open","sticky":false,"template":"","format":"standard","meta":{"_lmt_disableupdate":"","_lmt_disable":"","_jetpack_memberships_contains_paid_content":false,"footnotes":""},"categories":[109,47],"tags":[],"class_list":["post-9565","post","type-post","status-publish","format-standard","has-post-thumbnail","hentry","category-minuto-a-minuto","category-zona-gris"],"jetpack_featured_media_url":"https:\/\/zonaroja.com.mx\/wp-content\/uploads\/2020\/03\/67552e46-7ba2-4612-8a1c-69bf8d917d10.jpg","jetpack_sharing_enabled":true,"_links":{"self":[{"href":"https:\/\/zonaroja.com.mx\/index.php?rest_route=\/wp\/v2\/posts\/9565","targetHints":{"allow":["GET"]}}],"collection":[{"href":"https:\/\/zonaroja.com.mx\/index.php?rest_route=\/wp\/v2\/posts"}],"about":[{"href":"https:\/\/zonaroja.com.mx\/index.php?rest_route=\/wp\/v2\/types\/post"}],"author":[{"embeddable":true,"href":"https:\/\/zonaroja.com.mx\/index.php?rest_route=\/wp\/v2\/users\/2"}],"replies":[{"embeddable":true,"href":"https:\/\/zonaroja.com.mx\/index.php?rest_route=%2Fwp%2Fv2%2Fcomments&post=9565"}],"version-history":[{"count":1,"href":"https:\/\/zonaroja.com.mx\/index.php?rest_route=\/wp\/v2\/posts\/9565\/revisions"}],"predecessor-version":[{"id":9566,"href":"https:\/\/zonaroja.com.mx\/index.php?rest_route=\/wp\/v2\/posts\/9565\/revisions\/9566"}],"wp:featuredmedia":[{"embeddable":true,"href":"https:\/\/zonaroja.com.mx\/index.php?rest_route=\/wp\/v2\/media\/9564"}],"wp:attachment":[{"href":"https:\/\/zonaroja.com.mx\/index.php?rest_route=%2Fwp%2Fv2%2Fmedia&parent=9565"}],"wp:term":[{"taxonomy":"category","embeddable":true,"href":"https:\/\/zonaroja.com.mx\/index.php?rest_route=%2Fwp%2Fv2%2Fcategories&post=9565"},{"taxonomy":"post_tag","embeddable":true,"href":"https:\/\/zonaroja.com.mx\/index.php?rest_route=%2Fwp%2Fv2%2Ftags&post=9565"}],"curies":[{"name":"wp","href":"https:\/\/api.w.org\/{rel}","templated":true}]}}