{"id":9570,"date":"2020-03-06T18:18:32","date_gmt":"2020-03-07T00:18:32","guid":{"rendered":"http:\/\/www.zonaroja.com.mx\/?p=9570"},"modified":"2020-03-06T18:18:36","modified_gmt":"2020-03-07T00:18:36","slug":"jubilan-a-ex-presidenta-del-tribunal-de-justicia-administrativa-con-71-mil-al-mes","status":"publish","type":"post","link":"https:\/\/zonaroja.com.mx\/?p=9570","title":{"rendered":"Jubilan a ex presidenta del Tribunal de Justicia Administrativa con $71 mil al mes"},"content":{"rendered":"\n<p>Yuridiana Sosa\/Zona Roja.<\/p>\n\n\n\n<p>Oaxaca de Ju\u00e1rez, Oax., 6 de marzo de\n2020.- Una comisi\u00f3n del Tribunal de Justicia Administrativa del Estado de\nOaxaca aprob\u00f3 un dictamen para que se otorgue una jubilaci\u00f3n por la cantidad de\n71 mil 666.77 pesos mensuales para la magistrada Mar\u00eda Elena Villa Carrillo o\nMar\u00eda Elena Villa de Jarqu\u00edn.<\/p>\n\n\n\n<p>Dicha cantidad corresponde a su cargo de\npresidenta, que dej\u00f3 este jueves, mismo d\u00eda en que el pleno aval\u00f3 el acuerdo.<\/p>\n\n\n\n<p>La Direcci\u00f3n de Gesti\u00f3n Administrativa\ndetermin\u00f3 la cantidad con relaci\u00f3n al nivel salarial para jubilaciones, que\npara el caso de la solicitante era \u201cnivel 24 A\u201d, por el que se calcul\u00f3 una\npercepci\u00f3n total de 81 mil 192 pesos, que incluy\u00f3 un sueldo mayor a los 26 mil\npesos, una compensaci\u00f3n fija garantizada de 50 mil 483 pesos, entre otros\nconceptos.<\/p>\n\n\n\n<p>Con las deducciones correspondientes,\nque resultaron ser por nueve mil 525 pesos, el monto neto de la jubilaci\u00f3n es\npor poco m\u00e1s de 71 mil pesos, que recibir\u00e1 a partir de este mes.<\/p>\n\n\n\n<p>La ex magistrada cumpli\u00f3 en servicio al Gobierno\ndel Estado un total de 30 a\u00f1os y siete meses, de los 20 a\u00f1os que establece la\nLey Org\u00e1nica del Poder Judicial del Estado de Oaxaca, para solicitar su\njubilaci\u00f3n, al igual que acredit\u00f3 sus funciones como magistrada con un periodo\nm\u00ednimo de cinco a\u00f1os y tener m\u00e1s de 55 a\u00f1os de edad.<\/p>\n\n\n\n<p>No obstante, pretende &#8211;y la comisi\u00f3n y\nel pleno lo aprobaron&#8211; jubilarse con el sueldo que tuvo como presidenta del\nTribunal de Justicia Administrativa.<\/p>\n\n\n\n<p>El dictamen en atenci\u00f3n a la solicitud,\nbajo el expediente 001\/2020, precisa que el por \u201csu esfuerzo y dedicaci\u00f3n\nconstantes, sin m\u00e1s compromiso que el cumplimiento de su deber en beneficio del\nestado de Oaxaca y los administrados, deben ser recompensados de tal manera\nque, cuando se retiren del servicio activo, tengan la seguridad de que la fiel\ndedicaci\u00f3n a su alta funci\u00f3n jurisdiccional y su recta actuaci\u00f3n en la\nautonom\u00eda e independencia de sus decisiones, est\u00e1n respaldadas por condiciones\nde jubilaci\u00f3n y retiro que les permitan vivir, una vez concluida su carrera judicial,\ncon el decoro y la dignidad que el desempe\u00f1o honesto y responsable en sus\ncargos les merecen (Sic.)\u201d.<\/p>\n\n\n\n<p>El dictamen fue avalado por la comisi\u00f3n\nconformada por los magistrados Ra\u00fal Palomares Palomino, Abraham Santiago\nSoriano y Pedro Carlos Zamora Mart\u00ednez.<\/p>\n","protected":false},"excerpt":{"rendered":"<p>Yuridiana Sosa\/Zona Roja. Oaxaca de Ju\u00e1rez, Oax., 6 de marzo de 2020.- Una comisi\u00f3n del&hellip;<\/p>\n","protected":false},"author":2,"featured_media":9571,"comment_status":"closed","ping_status":"open","sticky":false,"template":"","format":"standard","meta":{"_lmt_disableupdate":"","_lmt_disable":"","_jetpack_memberships_contains_paid_content":false,"footnotes":""},"categories":[109,47],"tags":[1474],"class_list":["post-9570","post","type-post","status-publish","format-standard","has-post-thumbnail","hentry","category-minuto-a-minuto","category-zona-gris","tag-magistrada-maria-elena-villa"],"jetpack_featured_media_url":"https:\/\/zonaroja.com.mx\/wp-content\/uploads\/2020\/03\/Mar\u00eda-Elena-Villa.jpg","jetpack_sharing_enabled":true,"_links":{"self":[{"href":"https:\/\/zonaroja.com.mx\/index.php?rest_route=\/wp\/v2\/posts\/9570","targetHints":{"allow":["GET"]}}],"collection":[{"href":"https:\/\/zonaroja.com.mx\/index.php?rest_route=\/wp\/v2\/posts"}],"about":[{"href":"https:\/\/zonaroja.com.mx\/index.php?rest_route=\/wp\/v2\/types\/post"}],"author":[{"embeddable":true,"href":"https:\/\/zonaroja.com.mx\/index.php?rest_route=\/wp\/v2\/users\/2"}],"replies":[{"embeddable":true,"href":"https:\/\/zonaroja.com.mx\/index.php?rest_route=%2Fwp%2Fv2%2Fcomments&post=9570"}],"version-history":[{"count":1,"href":"https:\/\/zonaroja.com.mx\/index.php?rest_route=\/wp\/v2\/posts\/9570\/revisions"}],"predecessor-version":[{"id":9572,"href":"https:\/\/zonaroja.com.mx\/index.php?rest_route=\/wp\/v2\/posts\/9570\/revisions\/9572"}],"wp:featuredmedia":[{"embeddable":true,"href":"https:\/\/zonaroja.com.mx\/index.php?rest_route=\/wp\/v2\/media\/9571"}],"wp:attachment":[{"href":"https:\/\/zonaroja.com.mx\/index.php?rest_route=%2Fwp%2Fv2%2Fmedia&parent=9570"}],"wp:term":[{"taxonomy":"category","embeddable":true,"href":"https:\/\/zonaroja.com.mx\/index.php?rest_route=%2Fwp%2Fv2%2Fcategories&post=9570"},{"taxonomy":"post_tag","embeddable":true,"href":"https:\/\/zonaroja.com.mx\/index.php?rest_route=%2Fwp%2Fv2%2Ftags&post=9570"}],"curies":[{"name":"wp","href":"https:\/\/api.w.org\/{rel}","templated":true}]}}