{"id":9573,"date":"2020-03-06T19:54:45","date_gmt":"2020-03-07T01:54:45","guid":{"rendered":"http:\/\/www.zonaroja.com.mx\/?p=9573"},"modified":"2020-03-06T19:54:49","modified_gmt":"2020-03-07T01:54:49","slug":"releva-sspo-mandos-en-la-region-cuenca-y-reinstala-comandancias","status":"publish","type":"post","link":"https:\/\/zonaroja.com.mx\/?p=9573","title":{"rendered":"Releva SSPO mandos en la regi\u00f3n Cuenca y reinstala comandancias"},"content":{"rendered":"\n<p>Yuridiana Sosa\/Zona Roja.<\/p>\n\n\n\n<p>San Juan Bautista Tuxtepec, Oax., 6 de\nmarzo de 2020.-&nbsp; La Secretar\u00eda de\nSeguridad P\u00fablica de Oaxaca (SSPO) anunci\u00f3 la reinstalaci\u00f3n de las comandancias\nde la Polic\u00eda Estatal en seis municipios de la regi\u00f3n de la Cuenca, as\u00ed como un\nrelanzamiento fortalecido del despliegue policial.<\/p>\n\n\n\n<p>En su segunda visita a la regi\u00f3n tras la\nfirma de convenio entre los gobiernos de Oaxaca y Veracruz para resguardar la\nzona lim\u00edtrofe de la Cuenca, el titular de la SSPO, Ra\u00fal Ernesto Salcedo\nRosales, se reserv\u00f3 los avances del operativo especial, pero notific\u00f3 los\nrelevos en los mandos de la Polic\u00eda Estatal en la regi\u00f3n, lo cual tambi\u00e9n forma\nparte de los ajustes de los lineamientos planteados.<\/p>\n\n\n\n<p>Durante una reuni\u00f3n restringida, el secretario asever\u00f3 que en los municipios de Loma Bonita, Tuxtepec, San Felipe Jalapa de D\u00edaz, Cosolapa, San Miguel Soyaltepec y Huautla de Jim\u00e9nez, se reinstalar\u00e1n las comandancias de la polic\u00eda, donde adem\u00e1s se registraron cambio de comandantes.<\/p>\n\n\n\n<figure class=\"wp-block-image\"><img decoding=\"async\" width=\"360\" height=\"240\" src=\"http:\/\/www.zonaroja.com.mx\/wp-content\/uploads\/2020\/03\/SSPO-Cuenca2.jpg\" alt=\"\" class=\"wp-image-9575\" srcset=\"https:\/\/zonaroja.com.mx\/wp-content\/uploads\/2020\/03\/SSPO-Cuenca2.jpg 360w, https:\/\/zonaroja.com.mx\/wp-content\/uploads\/2020\/03\/SSPO-Cuenca2-300x200.jpg 300w, https:\/\/zonaroja.com.mx\/wp-content\/uploads\/2020\/03\/SSPO-Cuenca2-263x175.jpg 263w\" sizes=\"(max-width: 360px) 100vw, 360px\" \/><\/figure>\n\n\n\n<p>Con dichas designaciones y relanzamiento\ndel despliegue, se beneficiar\u00e1n 15 municipios de la regi\u00f3n, donde la Polic\u00eda\nEstatal en conjunto con las fuerzas de seguridad de nivel nacional y las\nmunicipales, se mantendr\u00e1 la vigilancia.<\/p>\n\n\n\n<p>Salcedo Rosales reiter\u00f3 la instalaci\u00f3n\nde filtros de revisi\u00f3n en el pol\u00edgono determinado a favor de 25 municipios, de\nOaxaca y Veracruz, como parte del operativo de cero tolerancia.<\/p>\n\n\n\n<p>Sin embargo, a pesar de esa\nimplementaci\u00f3n, en d\u00edas pasado se registr\u00f3 el hallazgo de tres cuerpos sin vida\ncon impactos de armas en el municipio fronterizo de Acatl\u00e1n de P\u00e9rez Figueroa,\nas\u00ed como homicidios dolosos en Tuxtepec.<\/p>\n\n\n\n<p>El secretario evit\u00f3 ofrecer detalles de\nlos resultados de las estrategias, pero coment\u00f3 que cada d\u00eda se revisan las\nacciones implantadas por las fuerzas policiales y de los hechos violentos para\nrealizar un balance.<\/p>\n","protected":false},"excerpt":{"rendered":"<p>Yuridiana Sosa\/Zona Roja. San Juan Bautista Tuxtepec, Oax., 6 de marzo de 2020.-&nbsp; La Secretar\u00eda&hellip;<\/p>\n","protected":false},"author":2,"featured_media":9574,"comment_status":"closed","ping_status":"open","sticky":false,"template":"","format":"standard","meta":{"_lmt_disableupdate":"","_lmt_disable":"","_jetpack_memberships_contains_paid_content":false,"footnotes":""},"categories":[109],"tags":[231],"class_list":["post-9573","post","type-post","status-publish","format-standard","has-post-thumbnail","hentry","category-minuto-a-minuto","tag-raul-ernesto-salcedo-rosales"],"jetpack_featured_media_url":"https:\/\/zonaroja.com.mx\/wp-content\/uploads\/2020\/03\/SSPO-Cuenca.jpg","jetpack_sharing_enabled":true,"_links":{"self":[{"href":"https:\/\/zonaroja.com.mx\/index.php?rest_route=\/wp\/v2\/posts\/9573","targetHints":{"allow":["GET"]}}],"collection":[{"href":"https:\/\/zonaroja.com.mx\/index.php?rest_route=\/wp\/v2\/posts"}],"about":[{"href":"https:\/\/zonaroja.com.mx\/index.php?rest_route=\/wp\/v2\/types\/post"}],"author":[{"embeddable":true,"href":"https:\/\/zonaroja.com.mx\/index.php?rest_route=\/wp\/v2\/users\/2"}],"replies":[{"embeddable":true,"href":"https:\/\/zonaroja.com.mx\/index.php?rest_route=%2Fwp%2Fv2%2Fcomments&post=9573"}],"version-history":[{"count":1,"href":"https:\/\/zonaroja.com.mx\/index.php?rest_route=\/wp\/v2\/posts\/9573\/revisions"}],"predecessor-version":[{"id":9576,"href":"https:\/\/zonaroja.com.mx\/index.php?rest_route=\/wp\/v2\/posts\/9573\/revisions\/9576"}],"wp:featuredmedia":[{"embeddable":true,"href":"https:\/\/zonaroja.com.mx\/index.php?rest_route=\/wp\/v2\/media\/9574"}],"wp:attachment":[{"href":"https:\/\/zonaroja.com.mx\/index.php?rest_route=%2Fwp%2Fv2%2Fmedia&parent=9573"}],"wp:term":[{"taxonomy":"category","embeddable":true,"href":"https:\/\/zonaroja.com.mx\/index.php?rest_route=%2Fwp%2Fv2%2Fcategories&post=9573"},{"taxonomy":"post_tag","embeddable":true,"href":"https:\/\/zonaroja.com.mx\/index.php?rest_route=%2Fwp%2Fv2%2Ftags&post=9573"}],"curies":[{"name":"wp","href":"https:\/\/api.w.org\/{rel}","templated":true}]}}