{"id":9577,"date":"2020-03-06T21:03:17","date_gmt":"2020-03-07T03:03:17","guid":{"rendered":"http:\/\/www.zonaroja.com.mx\/?p=9577"},"modified":"2020-03-06T21:03:46","modified_gmt":"2020-03-07T03:03:46","slug":"una-fiscalia-que-sirva-y-renuncia-del-titular-reclaman-feministas-en-oaxaca","status":"publish","type":"post","link":"https:\/\/zonaroja.com.mx\/?p=9577","title":{"rendered":"\u201cUna Fiscal\u00eda que sirva y renuncia del titular\u201d; reclaman feministas en Oaxaca"},"content":{"rendered":"\n<p>Evlin Arag\u00f3n\/Zona Roja.<\/p>\n\n\n\n<p>Oaxaca de Ju\u00e1rez, Oax., 6 de marzo de\n2020.- Feministas y activistas a favor de los derechos de las mujeres exigieron\nla renuncia del fiscal General de Oaxaca, Rub\u00e9n Vasconcelos M\u00e9ndez, ante la\nincapacidad de hacer justicia por los 405 feminicidios que se han registrado en\nla entidad en lo que va de la administraci\u00f3n de Alejandro Murat Hinojosa.<\/p>\n\n\n\n<p>En el marco del D\u00eda Internacional de la\nMujer &#8211;que se conmemora el 8 de marzo&#8211; y con un bloqueo carretero temporal en\nel crucero de La Experimental con direcci\u00f3n a las instalaciones de la Fiscal\u00eda\nGeneral del Estado en San Antonio de la Cal, las mujeres demostraron su\npreocupaci\u00f3n no s\u00f3lo ante el aumento de feminicidios, sino tambi\u00e9n de la\nimpunidad que reina en estos casos.<\/p>\n\n\n\n<p>Con pancartas que simulaban las criptas\ncon los nombres de las mujeres asesinadas en territorio oaxaque\u00f1o, flores en\nmano y vestidas de morado, pidieron un alto inmediato a la violencia en contra\nde las mujeres del estado Oaxaca y del pa\u00eds.<\/p>\n\n\n\n<p>\u201cDenunciamos la impunidad y la\nindiferencia ante la violencia contra las mujeres\u201d, \u201cVivas nos queremos en Oaxaca\u201d\ny \u201cAlto al feminicidio en Oaxaca\u201d, fueron algunas de las consignas que se\npod\u00edan leer en las mantas y pancartas, mientras que de viva voz ped\u00edan \u201cNi una\nm\u00e1s, ni una asesinada m\u00e1s\u201d.<\/p>\n\n\n\n<p>La protesta lleg\u00f3 a las instalaciones de\nla Fiscal\u00eda, en donde pidieron una dependencia que sirva y que haga justicia a\nlas mujeres; precisamente en la explanada colocaron las criptas de cart\u00f3n y\nmarcaron siluetas de mujeres en el piso a fin de simular los cuerpos que son\nencontrados en la v\u00eda p\u00fablica y cuyos asesinos no han sido sancionados. <\/p>\n\n\n\n<p>\u201cNo, no, no, no es un hecho aislado, los feminicidios son cr\u00edmenes de Estado\u201d, gritaron a las afueras de la Fiscal\u00eda, la cual cerr\u00f3 sus puertas ante la llegada de las mujeres que colocaron flores y veladoras en un altar improvisado para quienes ya no est\u00e1n debido a la violencia feminicida.<\/p>\n\n\n\n<figure class=\"wp-block-embed-twitter wp-block-embed is-type-rich is-provider-twitter\"><div class=\"wp-block-embed__wrapper\">\n<div class=\"twitter-tweet\"><blockquote class=\"twitter-tweet\" data-lang=\"es\"><p lang=\"es\" dir=\"ltr\"><a href=\"https:\/\/twitter.com\/hashtag\/FeminicidiosEmergenciaNacional?src=hash&amp;ref_src=twsrc%5Etfw\">#FeminicidiosEmergenciaNacional<\/a><br>(3) Con la colocaci\u00f3n de ata\u00fades simb\u00f3licos, cr\u00edticas a la impunidad y negligencia, as\u00ed como la exigencia de renuncia del fiscal <a href=\"https:\/\/twitter.com\/RVasconcelosM?ref_src=twsrc%5Etfw\">@RVasconcelosM<\/a>, culmin\u00f3 hoy la protesta de colectivos feministas, entre ellos <a href=\"https:\/\/twitter.com\/consorciooaxaca?ref_src=twsrc%5Etfw\">@consorciooaxaca<\/a>. <a href=\"https:\/\/t.co\/RdxjWS7o0S\">pic.twitter.com\/RdxjWS7o0S<\/a><\/p>&mdash; Zona Roja Oaxaca (@MexRoja) <a href=\"https:\/\/twitter.com\/MexRoja\/status\/1236080521316192257?ref_src=twsrc%5Etfw\">7 de marzo de 2020<\/a><\/blockquote><\/div>\n<\/div><\/figure>\n\n\n\n<p>En el lugar, la periodista Soledad Jarqu\u00edn\nasegur\u00f3 que actualmente tres de los 10 asesinatos de mujeres que se comenten al\nd\u00eda en M\u00e9xico son registrados en Oaxaca, por lo que se trata de un Estado feminicida\nque se ha profundizado por el crimen organizado, la proliferaci\u00f3n de armas y la\nenorme impunidad con que se quedan estos cr\u00edmenes.<\/p>\n\n\n\n<p>ALTO GRADO DE IMPUNIDAD<\/p>\n\n\n\n<p>Record\u00f3 que est\u00e1 pendiente la justicia\npara su hija asesinada en junio del 2018 y cuyo proceso jur\u00eddico est\u00e1 plagado\nde irregularidades que buscan proteger a los asesinos y responsables de los\nhechos en los que tambi\u00e9n muri\u00f3 Pamela Ter\u00e1n, candidata a concejal en Juchit\u00e1n\nde Zaragoza.<\/p>\n\n\n\n<p>\u201cQueremos decirles que nos falta la\njusticia para nuestra hijas, falta la justicia para Mar\u00eda del Sol y para todas\nestas 405 mujeres asesinadas en lo que va del sexenio de Alejandro Murat, si no\npueden que renuncien, se lo he dicho al fiscal en su cara, que renuncie\u201d,\nasegur\u00f3.<\/p>\n\n\n\n<p>Por su parte, Ana Mar\u00eda Hern\u00e1ndez, representante\nde Consorcio Oaxaca, asegur\u00f3 que tanto el gobernador Alejandro Murat, como el\nfiscal Rub\u00e9n Vasconcelos son c\u00f3mplices de los m\u00e1s de 400 casos, ya que aunque\nhay una declaratoria de Alerta de G\u00e9nero, la realidad los ha rebasado.<\/p>\n\n\n\n<p>Por lo anterior anunci\u00f3 que continuar\u00e1n\ncon una serie de acciones para conmemorar el 8 de marzo, D\u00eda Internacional de\nla Mujer, que ser\u00e1 aprovechado para denunciar el incremento de los feminicidios\ny pedir ni uno m\u00e1s en todo el territorio mexicano.<\/p>\n","protected":false},"excerpt":{"rendered":"<p>Evlin Arag\u00f3n\/Zona Roja. Oaxaca de Ju\u00e1rez, Oax., 6 de marzo de 2020.- Feministas y activistas&hellip;<\/p>\n","protected":false},"author":2,"featured_media":9578,"comment_status":"closed","ping_status":"open","sticky":false,"template":"","format":"standard","meta":{"_lmt_disableupdate":"","_lmt_disable":"","_jetpack_memberships_contains_paid_content":false,"footnotes":""},"categories":[109,47],"tags":[1475],"class_list":["post-9577","post","type-post","status-publish","format-standard","has-post-thumbnail","hentry","category-minuto-a-minuto","category-zona-gris","tag-protestas-feministas-en-oaxaca"],"jetpack_featured_media_url":"https:\/\/zonaroja.com.mx\/wp-content\/uploads\/2020\/03\/Protesta-feministas-Fiscal\u00eda-Oaxaca.jpg","jetpack_sharing_enabled":true,"_links":{"self":[{"href":"https:\/\/zonaroja.com.mx\/index.php?rest_route=\/wp\/v2\/posts\/9577","targetHints":{"allow":["GET"]}}],"collection":[{"href":"https:\/\/zonaroja.com.mx\/index.php?rest_route=\/wp\/v2\/posts"}],"about":[{"href":"https:\/\/zonaroja.com.mx\/index.php?rest_route=\/wp\/v2\/types\/post"}],"author":[{"embeddable":true,"href":"https:\/\/zonaroja.com.mx\/index.php?rest_route=\/wp\/v2\/users\/2"}],"replies":[{"embeddable":true,"href":"https:\/\/zonaroja.com.mx\/index.php?rest_route=%2Fwp%2Fv2%2Fcomments&post=9577"}],"version-history":[{"count":1,"href":"https:\/\/zonaroja.com.mx\/index.php?rest_route=\/wp\/v2\/posts\/9577\/revisions"}],"predecessor-version":[{"id":9579,"href":"https:\/\/zonaroja.com.mx\/index.php?rest_route=\/wp\/v2\/posts\/9577\/revisions\/9579"}],"wp:featuredmedia":[{"embeddable":true,"href":"https:\/\/zonaroja.com.mx\/index.php?rest_route=\/wp\/v2\/media\/9578"}],"wp:attachment":[{"href":"https:\/\/zonaroja.com.mx\/index.php?rest_route=%2Fwp%2Fv2%2Fmedia&parent=9577"}],"wp:term":[{"taxonomy":"category","embeddable":true,"href":"https:\/\/zonaroja.com.mx\/index.php?rest_route=%2Fwp%2Fv2%2Fcategories&post=9577"},{"taxonomy":"post_tag","embeddable":true,"href":"https:\/\/zonaroja.com.mx\/index.php?rest_route=%2Fwp%2Fv2%2Ftags&post=9577"}],"curies":[{"name":"wp","href":"https:\/\/api.w.org\/{rel}","templated":true}]}}