{"id":9580,"date":"2020-03-06T21:53:11","date_gmt":"2020-03-07T03:53:11","guid":{"rendered":"http:\/\/www.zonaroja.com.mx\/?p=9580"},"modified":"2020-03-06T21:53:52","modified_gmt":"2020-03-07T03:53:52","slug":"de-catem-los-4-armados-atrapados-anoche-en-la-capital-oaxaquena","status":"publish","type":"post","link":"https:\/\/zonaroja.com.mx\/?p=9580","title":{"rendered":"De CATEM, los 4 armados atrapados anoche en la capital oaxaque\u00f1a"},"content":{"rendered":"\n<p>Redacci\u00f3n\/Zona Roja.<\/p>\n\n\n\n<p>Oaxaca de Ju\u00e1rez, Oax., 6 de marzo de\n2020.- A la Confederaci\u00f3n Aut\u00f3noma de Trabajadores y Empleados de M\u00e9xico\n(CATEM) &#8211;que a nivel nacional preside el senador suplente morenista Pedro\nHacer Barba&#8211; pertenecen las cuatro personas armadas detenidas anoche en la\ncapital de Oaxaca, y que fueron puestas hoy a disposici\u00f3n de la Fiscal\u00eda\nGeneral de la Rep\u00fablica (FGR).<\/p>\n\n\n\n<p>La captura la efectuaron anoche\nelementos de la Guardia Nacional y de la Polic\u00eda Estatal, afuera de un\nestablecimiento comercial ubicado en la calle Belisario Dom\u00ednguez esquina con Emilio\nCarranza, colonia Reforma, ciudad de Oaxaca.<\/p>\n\n\n\n<p>De acuerdo con el reporte policiaco, los hechos ocurrieron a las 19:00 horas cuando los sujetos a bordo de un autom\u00f3vil Nissan tipo Tsuru, de color guinda con blanco &#8211;semejante a un taxi colectivo&#8211;, pero con placas de circulaci\u00f3n MNE-4929 del Estado de M\u00e9xico al citado lugar.<\/p>\n\n\n\n<figure class=\"wp-block-embed-twitter wp-block-embed is-type-rich is-provider-twitter\"><div class=\"wp-block-embed__wrapper\">\n<div class=\"twitter-tweet\"><blockquote class=\"twitter-tweet\" data-lang=\"es\"><p lang=\"es\" dir=\"ltr\"><a href=\"https:\/\/twitter.com\/hashtag\/%C3%9AltimoMinuto?src=hash&amp;ref_src=twsrc%5Etfw\">#\u00daltimoMinuto<\/a><br>Son al menos cuatro personas detenidas con armas de fuego y sin el permiso correspondiente; viajaban en veh\u00edculo disfrazado de taxi for\u00e1neo y con placas del Estado de M\u00e9xico; sigue el operativo en la colonia Reforma de <a href=\"https:\/\/twitter.com\/hashtag\/Oaxaca?src=hash&amp;ref_src=twsrc%5Etfw\">#Oaxaca<\/a> capital. <a href=\"https:\/\/t.co\/CktXgDdb2p\">pic.twitter.com\/CktXgDdb2p<\/a><\/p>&mdash; Zona Roja Oaxaca (@MexRoja) <a href=\"https:\/\/twitter.com\/MexRoja\/status\/1235755252164571136?ref_src=twsrc%5Etfw\">6 de marzo de 2020<\/a><\/blockquote><\/div>\n<\/div><\/figure>\n\n\n\n<p>Pero dentro de un restaurante ubicado en\nla misma calle se encontraba un mando militar y quien alert\u00f3 de la presencia de\nlos sujetos.<\/p>\n\n\n\n<p>Seg\u00fan informes de \u00e1reas de inteligencia\nfederal y estatal, las personas presuntamente se han dedicado al cobro de piso\nen bares de la ciudad capital y ya eran investigados por los polic\u00edas.<\/p>\n\n\n\n<p>De igual forma, ser\u00e1n investigados con\nrelaci\u00f3n a otros delitos cometidos en la ciudad capital y municipios\nconurbados. Al momento de la detenci\u00f3n, se les decomisaron un arma de fuego\ntipo R-15, de los llamados \u201cCuerno de chivo\u201d, as\u00ed como una granada.<\/p>\n","protected":false},"excerpt":{"rendered":"<p>Redacci\u00f3n\/Zona Roja. Oaxaca de Ju\u00e1rez, Oax., 6 de marzo de 2020.- A la Confederaci\u00f3n Aut\u00f3noma&hellip;<\/p>\n","protected":false},"author":2,"featured_media":9581,"comment_status":"closed","ping_status":"open","sticky":false,"template":"","format":"standard","meta":{"_lmt_disableupdate":"","_lmt_disable":"","_jetpack_memberships_contains_paid_content":false,"footnotes":""},"categories":[109,51],"tags":[1476],"class_list":["post-9580","post","type-post","status-publish","format-standard","has-post-thumbnail","hentry","category-minuto-a-minuto","category-zona-roja","tag-armados-detenidos-catem-oaxaca"],"jetpack_featured_media_url":"https:\/\/zonaroja.com.mx\/wp-content\/uploads\/2020\/03\/Detenidos-CATEM.jpg","jetpack_sharing_enabled":true,"_links":{"self":[{"href":"https:\/\/zonaroja.com.mx\/index.php?rest_route=\/wp\/v2\/posts\/9580","targetHints":{"allow":["GET"]}}],"collection":[{"href":"https:\/\/zonaroja.com.mx\/index.php?rest_route=\/wp\/v2\/posts"}],"about":[{"href":"https:\/\/zonaroja.com.mx\/index.php?rest_route=\/wp\/v2\/types\/post"}],"author":[{"embeddable":true,"href":"https:\/\/zonaroja.com.mx\/index.php?rest_route=\/wp\/v2\/users\/2"}],"replies":[{"embeddable":true,"href":"https:\/\/zonaroja.com.mx\/index.php?rest_route=%2Fwp%2Fv2%2Fcomments&post=9580"}],"version-history":[{"count":1,"href":"https:\/\/zonaroja.com.mx\/index.php?rest_route=\/wp\/v2\/posts\/9580\/revisions"}],"predecessor-version":[{"id":9582,"href":"https:\/\/zonaroja.com.mx\/index.php?rest_route=\/wp\/v2\/posts\/9580\/revisions\/9582"}],"wp:featuredmedia":[{"embeddable":true,"href":"https:\/\/zonaroja.com.mx\/index.php?rest_route=\/wp\/v2\/media\/9581"}],"wp:attachment":[{"href":"https:\/\/zonaroja.com.mx\/index.php?rest_route=%2Fwp%2Fv2%2Fmedia&parent=9580"}],"wp:term":[{"taxonomy":"category","embeddable":true,"href":"https:\/\/zonaroja.com.mx\/index.php?rest_route=%2Fwp%2Fv2%2Fcategories&post=9580"},{"taxonomy":"post_tag","embeddable":true,"href":"https:\/\/zonaroja.com.mx\/index.php?rest_route=%2Fwp%2Fv2%2Ftags&post=9580"}],"curies":[{"name":"wp","href":"https:\/\/api.w.org\/{rel}","templated":true}]}}