{"id":9605,"date":"2020-03-07T15:12:04","date_gmt":"2020-03-07T21:12:04","guid":{"rendered":"http:\/\/www.zonaroja.com.mx\/?p=9605"},"modified":"2020-03-07T15:13:00","modified_gmt":"2020-03-07T21:13:00","slug":"alienta-profesor-de-la-s-22-violencia-contra-trabajadores-de-caja-de-ahorro","status":"publish","type":"post","link":"https:\/\/zonaroja.com.mx\/?p=9605","title":{"rendered":"Alienta profesor de la S-22 violencia contra trabajadores de caja de ahorro"},"content":{"rendered":"\n<p>Evlin\nArag\u00f3n\/Zona Roja.<\/p>\n\n\n\n<p>Oaxaca de\nJu\u00e1rez, Oax., 7 de marzo de 2020.- Personal de la Caja Centro Mixteca de\nPromoci\u00f3n Educativa, ubicada en Huajuapan de Le\u00f3n, se manifestaron este s\u00e1bado\na las afueras de la Junta Local de Conciliaci\u00f3n y Arbitraje del Estado de\nOaxaca, para denunciar que mediante la violencia, directivos de la empresa\nimpidieron que se instalaran en huelga.<\/p>\n\n\n\n<p>As\u00ed lo dio a conocer Luis Alc\u00e1ntara Contla, representante de la Confederaci\u00f3n Revolucionaria de Trabajadores en el Estado de Oaxaca y apoderado legal del Sindicato de la Sociedad Cooperativa, quien se\u00f1al\u00f3 que la empresa est\u00e1 violentando el derecho que las y los trabajadores tienen para constituirse en un sindicato.\u00a0 <\/p>\n\n\n\n<p>Explic\u00f3\nque desde el 2019 las y los trabajadores obtuvieron su registro sindical por lo\nque hicieron su petici\u00f3n de firma de contrato colectivo ante la autoridad\ncompetente que dio tr\u00e1mite; sin embargo, la empresa se neg\u00f3 en todo momento a\nfirmar con el personal situaci\u00f3n que por ley le da a este la oportunidad de\nestallar la huelga.<\/p>\n\n\n\n<p>Este viernes, mediante el uso de la violencia impidieron que se llevara a cabo la huelga anunciada por el personal, lo anterior quedo registrado en videos y fotograf\u00edas que tienen en su poder y que utilizaran para levantar la denuncia penal al respecto.<\/p>\n\n\n\n<figure class=\"wp-block-embed-twitter wp-block-embed is-type-rich is-provider-twitter\"><div class=\"wp-block-embed__wrapper\">\n<div class=\"twitter-tweet\"><blockquote class=\"twitter-tweet\" data-lang=\"es\"><p lang=\"es\" dir=\"ltr\"><a href=\"https:\/\/twitter.com\/hashtag\/OaxacaGris?src=hash&amp;ref_src=twsrc%5Etfw\">#OaxacaGris<\/a><br>Con violencia, directivos de la caja Centro Mixteca de Promoci\u00f3n Educativa, de Huajuapan de Le\u00f3n, impiden que trabajadores inicien huelga, denuncian sindicalizados; la empresa la encabeza un profesor de la Secci\u00f3n 22 del SNTE. <a href=\"https:\/\/t.co\/xf1OFXpGvt\">pic.twitter.com\/xf1OFXpGvt<\/a><\/p>&mdash; Zona Roja Oaxaca (@MexRoja) <a href=\"https:\/\/twitter.com\/MexRoja\/status\/1236314549982240769?ref_src=twsrc%5Etfw\">7 de marzo de 2020<\/a><\/blockquote><\/div>\n<\/div><\/figure>\n\n\n\n<p>\u201cNo se\nllev\u00f3 a cabo la huelga por impedimento de la patronal, no porque los\ntrabajadores no hayan querido o no hayan acudido al estallamiento, s la parte\npatronal quien est\u00e1 violando los derechos de los trabajadores\u201d, dijo el\nabogado.&nbsp; <\/p>\n\n\n\n<p>En este\nsentido, detall\u00f3 que la violencia mediante la cual impidieron la huelga dej\u00f3\nuna mujer herida a golpes, otra m\u00e1s fue despojada de su celular y amenazada por\nlo que proceder\u00e1n de forma penal al respecto en contra de los socios que se\ndieron cita al lugar portando palos y machetes para disuadir la acci\u00f3n del\npersonal.<\/p>\n\n\n\n<p>Record\u00f3\nque la empresa, conforme a la ley no le pueden prohibir a los trabajadores ser\nparte del sindicato y mucho menos intervenir en la vida sindical, por lo que\nest\u00e1n violentando los derechos de las y los trabajadores, avalado por la\nConstituci\u00f3n.<\/p>\n\n\n\n<p>As\u00ed mismo\ndenunci\u00f3 que la empresa la encabeza un profesor de la Secci\u00f3n 22 del Sindicato\nNacional de Trabajadores de la Educaci\u00f3n (SNTE), Eligio Hern\u00e1ndez Gonz\u00e1lez,\nquien ha estado al frente tratando de meterle miedo a los socios \u201c\u00e9l como\nsindicalista deber\u00eda saber que es un derecho de los trabajadores para defender\nsus intereses comunes\u201d.<\/p>\n\n\n\n<p>Indic\u00f3 que son 24 trabajadores despedidos y otros en activo los que mantiene la lucha por el reconocimiento de sus derechos. \u201cEllos alegan que es una minor\u00eda, si as\u00ed es que lo dejen estallar la huelga y la autoridad competente certifique quienes son los huelguistas, si ellos tienen la certeza de que son minor\u00eda que les permitan realizar hacerla, incluso les favorecer\u00eda que fuera as\u00ed\u201d, concluy\u00f3.<\/p>\n\n\n\n<p>En la manifestaci\u00f3n pac\u00edfica en la Junta Local de Conciliaci\u00f3n y Arbitraje de la capital del estado, estuvo tambi\u00e9n la dirigente de los sindicalizados, Mar\u00eda Elena Bravo Monta\u00f1o.<\/p>\n","protected":false},"excerpt":{"rendered":"<p>Evlin Arag\u00f3n\/Zona Roja. Oaxaca de Ju\u00e1rez, Oax., 7 de marzo de 2020.- Personal de la&hellip;<\/p>\n","protected":false},"author":2,"featured_media":9607,"comment_status":"closed","ping_status":"open","sticky":false,"template":"","format":"standard","meta":{"_lmt_disableupdate":"","_lmt_disable":"","_jetpack_memberships_contains_paid_content":false,"footnotes":""},"categories":[109,47],"tags":[1479],"class_list":["post-9605","post","type-post","status-publish","format-standard","has-post-thumbnail","hentry","category-minuto-a-minuto","category-zona-gris","tag-trabajadores-huajuapan-de-leon"],"jetpack_featured_media_url":"https:\/\/zonaroja.com.mx\/wp-content\/uploads\/2020\/03\/Trabajadores-Huajuapan.png","jetpack_sharing_enabled":true,"_links":{"self":[{"href":"https:\/\/zonaroja.com.mx\/index.php?rest_route=\/wp\/v2\/posts\/9605","targetHints":{"allow":["GET"]}}],"collection":[{"href":"https:\/\/zonaroja.com.mx\/index.php?rest_route=\/wp\/v2\/posts"}],"about":[{"href":"https:\/\/zonaroja.com.mx\/index.php?rest_route=\/wp\/v2\/types\/post"}],"author":[{"embeddable":true,"href":"https:\/\/zonaroja.com.mx\/index.php?rest_route=\/wp\/v2\/users\/2"}],"replies":[{"embeddable":true,"href":"https:\/\/zonaroja.com.mx\/index.php?rest_route=%2Fwp%2Fv2%2Fcomments&post=9605"}],"version-history":[{"count":2,"href":"https:\/\/zonaroja.com.mx\/index.php?rest_route=\/wp\/v2\/posts\/9605\/revisions"}],"predecessor-version":[{"id":9608,"href":"https:\/\/zonaroja.com.mx\/index.php?rest_route=\/wp\/v2\/posts\/9605\/revisions\/9608"}],"wp:featuredmedia":[{"embeddable":true,"href":"https:\/\/zonaroja.com.mx\/index.php?rest_route=\/wp\/v2\/media\/9607"}],"wp:attachment":[{"href":"https:\/\/zonaroja.com.mx\/index.php?rest_route=%2Fwp%2Fv2%2Fmedia&parent=9605"}],"wp:term":[{"taxonomy":"category","embeddable":true,"href":"https:\/\/zonaroja.com.mx\/index.php?rest_route=%2Fwp%2Fv2%2Fcategories&post=9605"},{"taxonomy":"post_tag","embeddable":true,"href":"https:\/\/zonaroja.com.mx\/index.php?rest_route=%2Fwp%2Fv2%2Ftags&post=9605"}],"curies":[{"name":"wp","href":"https:\/\/api.w.org\/{rel}","templated":true}]}}