{"id":9609,"date":"2020-03-07T17:22:18","date_gmt":"2020-03-07T23:22:18","guid":{"rendered":"http:\/\/www.zonaroja.com.mx\/?p=9609"},"modified":"2020-03-07T17:22:22","modified_gmt":"2020-03-07T23:22:22","slug":"proponen-reformas-al-poder-judicial-para-reducir-la-impunidad-en-oaxaca","status":"publish","type":"post","link":"https:\/\/zonaroja.com.mx\/?p=9609","title":{"rendered":"Proponen reformas al Poder Judicial para reducir la impunidad en Oaxaca"},"content":{"rendered":"\n<p>Evlin\nArag\u00f3n\/Zona Roja.<\/p>\n\n\n\n<p>Oaxaca de\nJu\u00e1rez, Oax., 7 de marzo de 2020.- Acabar con la impunidad que prevalece en los\nprocesos penales y generar materia de responsabilidad a Jueces, juezas, magistrados,\nmagistradas y a agentes del Ministerio P\u00fablico en Oaxaca, es el objetivo\nprincipal de la reciente iniciativa presentada por el diputado por el Partido\ndel Trabajo, Cesar Morales Ni\u00f1o.<\/p>\n\n\n\n<p>As\u00ed lo\ndio a conocer en tribuna el pasado mi\u00e9rcoles en sesi\u00f3n ordinaria, donde plante\u00f3\nadicionar la fracci\u00f3n XXXII del art\u00edculo 5 de la Ley Org\u00e1nica de la Fiscal\u00eda\nGeneral de Justicia del Estado de Oaxaca.<\/p>\n\n\n\n<p>La\npropuesta del diputado incluye adicionar un segundo p\u00e1rrafo del art\u00edculo 46 de\nla Ley Org\u00e1nica del Poder Judicial del Estado de Oaxaca a fin de sancionar de\nforma ejemplar \u2013incluso con la destituci\u00f3n del cargo- a quienes incurran en\npr\u00e1cticas que fomenten la impunidad y act\u00faen de forma distinta a la recta\naplicaci\u00f3n de la justicia.<\/p>\n\n\n\n<p>El\nlegislador asegur\u00f3 que en la actualidad la impunidad incentiva a que existan\nacuerdos pol\u00edticos, con organizaciones sociales, con sindicatos y grupos de\npoder, entre otros, para que los procesos penales sean motivo de negociaciones,\npara integrar indebidamente las carpetas de investigaci\u00f3n y permitir errores\nevidentes en las etapas del juicio oral.<\/p>\n\n\n\n<p>Lo\nanterior provoca que cuando los expedientes son revisados por un tribunal federal\nse encuentren \u201cviolaciones procesales\u201d, siendo el camino ideal para liberar a\nquienes han infringido la ley, agraviado a la sociedad y a las familias\noaxaque\u00f1as. <\/p>\n\n\n\n<p>\u201cCon la\niniciativa presentada se garantizar\u00e1 que, en todas actuaciones del Ministerio\nP\u00fablico, jueces, juezas, magistrados y magistradas, proteger\u00e1n los derechos humanos\ny garant\u00edas fundamentales de las v\u00edctimas, ofendidos y\/o imputados, vigilando\nque en todas las etapas del proceso penal acusatorio se act\u00fae con imparcialidad\ny transparencia en los procedimientos jurisdiccionales\u201d, cita el documento.<\/p>\n\n\n\n<p>Morales\nNi\u00f1o detall\u00f3 que en caso de advertirse que la actuaci\u00f3n de los juzgadores y\njuzgadoras no se ajusta a las condiciones racionalidad y legalidad, ya sea por\nacci\u00f3n u omisi\u00f3n, ser\u00e1 considerada como arbitraria, colusi\u00f3n de funcionarios,\ncomplicidad, y se sujetar\u00e1 a las disposiciones que en la materia penal\ncorresponda. <\/p>\n\n\n\n<p>Ello a\nfin de erradicar pr\u00e1cticas de corrupci\u00f3n como la colusi\u00f3n de funcionarios con\nalguna de las partes en perjuicio de justicia y del inter\u00e9s p\u00fablico; as\u00ed como\nbrindar a las partes contendientes en un proceso judicial, la garant\u00eda de que\nser\u00e1n juzgados en un juicio imparcial y justo.<\/p>\n\n\n\n<p>\u201cEsta\nreforma busca erradicar la impunidad que se genera con las pr\u00e1cticas judiciales\nerr\u00f3neas, lo cual genera corrupci\u00f3n en su doble aspecto, como pr\u00e1ctica activa\nen contubernio con alguna de las partes, o en la vertiente de desempe\u00f1ar un\ncargo judicial para el que no tienen la formaci\u00f3n ni capacidad jur\u00eddica.<\/p>\n\n\n\n<p>Finalmente,\nrecord\u00f3 que actualmente, si el Ministerio P\u00fablico, los juzgadores y juzgadoras\nse equivocan judicialmente en forma reiterada y evidente, no existen mecanismos\nexpresos para exigirles responsabilidad, el actual modelo sancionatorio es\nd\u00e9bil e ineficiente.<\/p>\n\n\n\n<p>\u201cEs\nfundamental fortalecer el marco normativo sancionatorio para que las y los\ngobernados tengan elementos jur\u00eddicos para exigir una justicia pronta,\nexpedita, eficaz, y honesta, as\u00ed como para que sus asuntos en litigio sean\nconocidos por jueces altamente responsables y capacitados\u201d, sentenci\u00f3.<\/p>\n","protected":false},"excerpt":{"rendered":"<p>Evlin Arag\u00f3n\/Zona Roja. Oaxaca de Ju\u00e1rez, Oax., 7 de marzo de 2020.- Acabar con la&hellip;<\/p>\n","protected":false},"author":2,"featured_media":9610,"comment_status":"closed","ping_status":"open","sticky":false,"template":"","format":"standard","meta":{"_lmt_disableupdate":"","_lmt_disable":"","_jetpack_memberships_contains_paid_content":false,"footnotes":""},"categories":[109],"tags":[612],"class_list":["post-9609","post","type-post","status-publish","format-standard","has-post-thumbnail","hentry","category-minuto-a-minuto","tag-cesar-morales-nino"],"jetpack_featured_media_url":"https:\/\/zonaroja.com.mx\/wp-content\/uploads\/2020\/03\/C\u00e9sar-Morales-N3.jpg","jetpack_sharing_enabled":true,"_links":{"self":[{"href":"https:\/\/zonaroja.com.mx\/index.php?rest_route=\/wp\/v2\/posts\/9609","targetHints":{"allow":["GET"]}}],"collection":[{"href":"https:\/\/zonaroja.com.mx\/index.php?rest_route=\/wp\/v2\/posts"}],"about":[{"href":"https:\/\/zonaroja.com.mx\/index.php?rest_route=\/wp\/v2\/types\/post"}],"author":[{"embeddable":true,"href":"https:\/\/zonaroja.com.mx\/index.php?rest_route=\/wp\/v2\/users\/2"}],"replies":[{"embeddable":true,"href":"https:\/\/zonaroja.com.mx\/index.php?rest_route=%2Fwp%2Fv2%2Fcomments&post=9609"}],"version-history":[{"count":1,"href":"https:\/\/zonaroja.com.mx\/index.php?rest_route=\/wp\/v2\/posts\/9609\/revisions"}],"predecessor-version":[{"id":9611,"href":"https:\/\/zonaroja.com.mx\/index.php?rest_route=\/wp\/v2\/posts\/9609\/revisions\/9611"}],"wp:featuredmedia":[{"embeddable":true,"href":"https:\/\/zonaroja.com.mx\/index.php?rest_route=\/wp\/v2\/media\/9610"}],"wp:attachment":[{"href":"https:\/\/zonaroja.com.mx\/index.php?rest_route=%2Fwp%2Fv2%2Fmedia&parent=9609"}],"wp:term":[{"taxonomy":"category","embeddable":true,"href":"https:\/\/zonaroja.com.mx\/index.php?rest_route=%2Fwp%2Fv2%2Fcategories&post=9609"},{"taxonomy":"post_tag","embeddable":true,"href":"https:\/\/zonaroja.com.mx\/index.php?rest_route=%2Fwp%2Fv2%2Ftags&post=9609"}],"curies":[{"name":"wp","href":"https:\/\/api.w.org\/{rel}","templated":true}]}}