{"id":9615,"date":"2020-03-07T17:58:46","date_gmt":"2020-03-07T23:58:46","guid":{"rendered":"http:\/\/www.zonaroja.com.mx\/?p=9615"},"modified":"2020-03-07T18:07:22","modified_gmt":"2020-03-08T00:07:22","slug":"el-inpi-reconoce-lucha-de-mujeres-afromexicanas-por-el-respeto-a-sus-derechos","status":"publish","type":"post","link":"https:\/\/zonaroja.com.mx\/?p=9615","title":{"rendered":"El INPI reconoce lucha de mujeres afromexicanas por el respeto a sus derechos"},"content":{"rendered":"\n<p>Redacci\u00f3n\/Zona\nRoja.<\/p>\n\n\n\n<p>Oaxaca de\nJu\u00e1rez, Oax., 7 de marzo de 2020.- Desde Santa Mar\u00eda Cortijo, Oaxaca, por\nprimera vez en la historia del pa\u00eds, el gobierno de M\u00e9xico emprendi\u00f3 acciones\nconcretas a favor de las comunidades afrodescendientes, con la construcci\u00f3n,\nequipamiento y apertura de la Casa para el Desarrollo de las Mujeres\nAfromexicanas (CADEM) del Instituto Nacional de los Pueblos Ind\u00edgenas (INPI),\nen este municipio asentado en los l\u00edmites con el estado de Guerrero.<\/p>\n\n\n\n<p>Al\ninaugurar las nuevas instalaciones en el marco de diversas actividades con\nmotivo del D\u00eda Internacional de las Mujeres, que se conmemora el 8 de marzo de\ncada a\u00f1o, el director general del INPI, Adelfo Regino Montes, se\u00f1al\u00f3 que esta\nes la primera casa de las mujeres afromexicanas y se analiza la construcci\u00f3n de\nuna similar en el estado vecino. <\/p>\n\n\n\n<p>\u201cVamos a\nponer todo el esfuerzo institucional, todos los recursos, para que los derechos\nde los pueblos y comunidades afromexicanas sean una realidad cotidiana.\u201d<\/p>\n\n\n\n<p>Tras ser\nrecibido en la zona conocida como \u201cLa Llanada\u201d &#8211;que se compone de siete\nmunicipios, cinco de ellos, gobernados por mujeres&#8211;, refiri\u00f3 que en Pinotepa\nNacional, Oaxaca, se est\u00e1 creando un Centro Coordinador del Pueblo Afromexicano\ny se har\u00e1 lo mismo en el estado de Guerrero, pues en ambas entidades se\nconcentra la mayor poblaci\u00f3n negra, como se autodenominan las mismas personas\nde la zona.<\/p>\n\n\n\n<p>Acompa\u00f1ado\npor la senadora Susana Harp; la diputada local Delfina Guzm\u00e1n y la presidenta municipal\nde Santa Mar\u00eda Cortijo, Diana Luisa Vargas, reiter\u00f3 el compromiso del Presidente\nAndr\u00e9s Manuel L\u00f3pez Obrador para que los pueblos afromexicanos, en especial,\nsus mujeres, tengan una atenci\u00f3n prioritaria a trav\u00e9s de todos los programas y\npol\u00edticas del Gobierno de la Rep\u00fablica, lo que permita dar respuesta a las\nnecesidades de las comunidades.<\/p>\n\n\n\n<p>Con la\npresentaci\u00f3n de la \u201cDanza del Toro del Petate\u201d y otras actividades culturales,\nfue inaugurada la sede de la mujer afromexicana, equipada con un refugio\ntemporal para mujeres v\u00edctimas o en situaci\u00f3n de vulnerabilidad, consultorio de\natenci\u00f3n m\u00e9dica, jur\u00eddica y psicol\u00f3gica.<\/p>\n\n\n\n<p>Asimismo, sala con equipo audiovisual para impartir terapias m\u00faltiples y pl\u00e1ticas, sobre derechos sexuales y reproductivos, de participaci\u00f3n pol\u00edtica y de acciones contra la violencia de g\u00e9nero; oficinas, sanitarios, pasillos exteriores techados y otras instalaciones para su prop\u00f3sito.<\/p>\n\n\n\n<figure class=\"wp-block-embed-twitter wp-block-embed is-type-rich is-provider-twitter\"><div class=\"wp-block-embed__wrapper\">\n<div class=\"twitter-tweet\"><blockquote class=\"twitter-tweet\" data-lang=\"es\"><p lang=\"es\" dir=\"ltr\">En el marco del <a href=\"https:\/\/twitter.com\/hashtag\/DiaInternacionalDeLaMujer?src=hash&amp;ref_src=twsrc%5Etfw\">#DiaInternacionalDeLaMujer<\/a> hemos inaugurado la primera Casa para el Desarrollo de las Mujeres Afromexicanas en Santa Mar\u00eda Cortijo, Oaxaca.<br>Con la fuerza de la organizaci\u00f3n comunitaria impulsamos el respeto a los derechos de las mujeres ind\u00edgenas y afromexicanas. <a href=\"https:\/\/t.co\/VCtiHXyDhg\">pic.twitter.com\/VCtiHXyDhg<\/a><\/p>&mdash; Adelfo Regino Montes (@DEELAYUUK) <a href=\"https:\/\/twitter.com\/DEELAYUUK\/status\/1236304966828142594?ref_src=twsrc%5Etfw\">7 de marzo de 2020<\/a><\/blockquote><\/div>\n<\/div><\/figure>\n\n\n\n<p>El\ntitular del INPI refrend\u00f3 la vocaci\u00f3n de este gobierno de anteponer los\nderechos de las mujeres, en especial las ind\u00edgenas y afromexicanas, pero\ntambi\u00e9n la necesidad de impulsar pol\u00edticas p\u00fablicas que beneficien a sus\ncomunidades. Anunci\u00f3 que en pr\u00f3ximos d\u00edas el presidente L\u00f3pez Obrador va a\nrealizar una gira de trabajo por la zona, para dialogar con los pueblos\nafromexicanos de Guerrero y Oaxaca.<\/p>\n\n\n\n<p>\u201cEstoy\nconvencido de que tenemos que reivindicar, hombres y mujeres, los derechos de\nlas mujeres ind\u00edgenas y las mujeres afromexicanas; tenemos que poner un alto a\nla lamentable situaci\u00f3n de violencia. Que no siga esta historia de muertes y\nagresiones que lamentablemente han vivido nuestras compa\u00f1eras\u201d, dijo.<\/p>\n\n\n\n<p>En\npresencia de las autoridades municipales de Santiago Taplextla, Santo Domingo\nArmenta, San Jos\u00e9 Estancia Grande, Santiago Llano Grande, M\u00e1rtires de Tacubaya\ny San Juan Bautista Lo de Soto, as\u00ed como de representantes del pueblo\nafromexicano de Guerrero, Adelfo Regino se\u00f1al\u00f3 que \u201ces muy importante que todo\nel pa\u00eds reconozca su verdadera esencia, su aut\u00e9ntica naturaleza multicultural y\npluricultural\u201d.<\/p>\n\n\n\n<p>IMPORTANTE,\nCENSO<\/p>\n\n\n\n<p>En el marco del Censo de Poblaci\u00f3n y Vivienda que se est\u00e1 llevando a cabo en todo el pa\u00eds el Instituto Nacional de Estad\u00edstica, Geograf\u00eda e Inform\u00e1tica (INEGI), Regino Montes consider\u00f3 muy importante la participaci\u00f3n decidida de las comunidades, por lo que llam\u00f3 a las mujeres y hombres ind\u00edgenas y afromexicanos a que manifiesten su verdadera identidad, para que \u00e9sta no siga escondida.<\/p>\n\n\n\n<figure class=\"wp-block-image\"><img decoding=\"async\" width=\"682\" height=\"1024\" src=\"http:\/\/www.zonaroja.com.mx\/wp-content\/uploads\/2020\/03\/INPI-Afro-2-682x1024.png\" alt=\"\" class=\"wp-image-9617\" srcset=\"https:\/\/zonaroja.com.mx\/wp-content\/uploads\/2020\/03\/INPI-Afro-2-682x1024.png 682w, https:\/\/zonaroja.com.mx\/wp-content\/uploads\/2020\/03\/INPI-Afro-2-200x300.png 200w, https:\/\/zonaroja.com.mx\/wp-content\/uploads\/2020\/03\/INPI-Afro-2-768x1152.png 768w, https:\/\/zonaroja.com.mx\/wp-content\/uploads\/2020\/03\/INPI-Afro-2-585x878.png 585w, https:\/\/zonaroja.com.mx\/wp-content\/uploads\/2020\/03\/INPI-Afro-2.png 853w\" sizes=\"(max-width: 682px) 100vw, 682px\" \/><\/figure>\n\n\n\n<p>\u201cDebemos\nparticipar en el censo, dar una respuesta acertada y positiva de nuestra\nverdadera esencia, porque s\u00f3lo as\u00ed vamos a poder tener la fortaleza para\nimplementar los programas, las pol\u00edticas y los proyectos desde el gobierno\nfederal, los gobiernos de los estados y los municipales, para dar una respuesta\ncon un enfoque ind\u00edgena y afromexicano\u201d, manifest\u00f3.<\/p>\n\n\n\n<p>Acompa\u00f1ado\npor la coordinadora general de transversalidad del INPI, Anabel L\u00f3pez S\u00e1nchez,\nRegino Montes recibi\u00f3 el reconocimiento de la Colectiva de Mujeres de La\nLlanada para la Equidad de G\u00e9nero y la No Violencia, cuyas integrantes llevan\na\u00f1os luchando por sus derechos y ahora se har\u00e1n cargo de este espacio de\natenci\u00f3n. <\/p>\n\n\n\n<p>Por su\nparte la presidenta municipal de Santa Mar\u00eda Cortijo, Diana Luisa Vargas\nHern\u00e1ndez, resalt\u00f3 la lucha que han dado las mujeres por la defensa de sus\nderechos y reiter\u00f3 el compromiso de su administraci\u00f3n de haber dotado del\nterreno para la construcci\u00f3n de la Casa de la Mujer Afromexicana, por lo que ya\ntienen destinados predios para la instalaci\u00f3n del Banco del Bienestar y para la\nantena de telefon\u00eda celular e internet, en caso de que se le soliciten.<\/p>\n\n\n\n<p>En tanto\nla senadora de la Rep\u00fablica, Susana Harp Iturribarr\u00eda, celebr\u00f3 la organizaci\u00f3n\nde las mujeres afromexicanas que est\u00e1n luchando por abrirse espacios de\nparticipaci\u00f3n en la vida p\u00fablica y pol\u00edtica, como lo han logrado las\npresidentas municipales de \u201cLa Llanada\u201d, quienes han trabajado desde hace muchos\na\u00f1os de manera organizada en busca del respeto a sus derechos y por mejores\ncondiciones de vida. <\/p>\n\n\n\n<p>Como\npromotora de las leyes de reconocimiento al pueblo afromexicano, se sum\u00f3\ntambi\u00e9n al llamado a la participaci\u00f3n en el Censo de Poblaci\u00f3n y Vivienda del\nINEGI, para que los pobladores de esta regi\u00f3n hagan patente su origen ind\u00edgena\no afromexicano, seg\u00fan sea el caso, y que esto quede plasmado para la nueva\ncomposici\u00f3n pluri\u00e9tnica de M\u00e9xico.<\/p>\n\n\n\n<p>En su\noportunidad, la coordinadora de la Casa de la Mujer Afromexicana, Elida Torres\nSantiago, ponder\u00f3 la lucha de la Colectiva de Mujeres de La Llanada por\nalcanzar este anhelo, de contar con un espacio para abordar los temas\nrelacionados con diversos aspectos ligados a la realidad de las mujeres y\npresent\u00f3 al equipo que se har\u00e1 cargo de administrar, mantener y operar esta\nnueva sede, donde se cuenta con apoyo de especialistas que otorgar\u00e1n atenci\u00f3n y\nasesor\u00eda a las compa\u00f1eras que as\u00ed lo requieran.&nbsp;\n<\/p>\n","protected":false},"excerpt":{"rendered":"<p>Redacci\u00f3n\/Zona Roja. Oaxaca de Ju\u00e1rez, Oax., 7 de marzo de 2020.- Desde Santa Mar\u00eda Cortijo,&hellip;<\/p>\n","protected":false},"author":2,"featured_media":9616,"comment_status":"closed","ping_status":"open","sticky":false,"template":"","format":"standard","meta":{"_lmt_disableupdate":"","_lmt_disable":"","_jetpack_memberships_contains_paid_content":false,"footnotes":""},"categories":[109,46],"tags":[557],"class_list":["post-9615","post","type-post","status-publish","format-standard","has-post-thumbnail","hentry","category-minuto-a-minuto","category-zona-blanca","tag-adelfo-regino-montes"],"jetpack_featured_media_url":"https:\/\/zonaroja.com.mx\/wp-content\/uploads\/2020\/03\/INPI-Afro-1.png","jetpack_sharing_enabled":true,"_links":{"self":[{"href":"https:\/\/zonaroja.com.mx\/index.php?rest_route=\/wp\/v2\/posts\/9615","targetHints":{"allow":["GET"]}}],"collection":[{"href":"https:\/\/zonaroja.com.mx\/index.php?rest_route=\/wp\/v2\/posts"}],"about":[{"href":"https:\/\/zonaroja.com.mx\/index.php?rest_route=\/wp\/v2\/types\/post"}],"author":[{"embeddable":true,"href":"https:\/\/zonaroja.com.mx\/index.php?rest_route=\/wp\/v2\/users\/2"}],"replies":[{"embeddable":true,"href":"https:\/\/zonaroja.com.mx\/index.php?rest_route=%2Fwp%2Fv2%2Fcomments&post=9615"}],"version-history":[{"count":2,"href":"https:\/\/zonaroja.com.mx\/index.php?rest_route=\/wp\/v2\/posts\/9615\/revisions"}],"predecessor-version":[{"id":9620,"href":"https:\/\/zonaroja.com.mx\/index.php?rest_route=\/wp\/v2\/posts\/9615\/revisions\/9620"}],"wp:featuredmedia":[{"embeddable":true,"href":"https:\/\/zonaroja.com.mx\/index.php?rest_route=\/wp\/v2\/media\/9616"}],"wp:attachment":[{"href":"https:\/\/zonaroja.com.mx\/index.php?rest_route=%2Fwp%2Fv2%2Fmedia&parent=9615"}],"wp:term":[{"taxonomy":"category","embeddable":true,"href":"https:\/\/zonaroja.com.mx\/index.php?rest_route=%2Fwp%2Fv2%2Fcategories&post=9615"},{"taxonomy":"post_tag","embeddable":true,"href":"https:\/\/zonaroja.com.mx\/index.php?rest_route=%2Fwp%2Fv2%2Ftags&post=9615"}],"curies":[{"name":"wp","href":"https:\/\/api.w.org\/{rel}","templated":true}]}}