{"id":9621,"date":"2020-03-07T18:10:30","date_gmt":"2020-03-08T00:10:30","guid":{"rendered":"http:\/\/www.zonaroja.com.mx\/?p=9621"},"modified":"2020-03-07T18:10:33","modified_gmt":"2020-03-08T00:10:33","slug":"en-un-mes-12-oaxaquenas-desaparecidas-tres-en-menos-de-48-horas","status":"publish","type":"post","link":"https:\/\/zonaroja.com.mx\/?p=9621","title":{"rendered":"En un mes, 12 oaxaque\u00f1as desaparecidas; tres en menos de 48 horas"},"content":{"rendered":"\n<p>Yuridiana\nSosa\/Zona Roja.<\/p>\n\n\n\n<p>Oaxaca de\nJu\u00e1rez, Oax., 7 de marzo de 2020.- En el transcurso de un mes, entre febrero y\nmarzo, 12 mujeres, menores de edad y adultas, han desaparecido en la entidad\noaxaque\u00f1a; pero en menos de dos d\u00edas, tres adolescentes en distintos puntos del\nestado fueron reportadas como no localizadas.<\/p>\n\n\n\n<p>En\nninguna de las b\u00fasquedas vigentes, la Fiscal\u00eda General de Oaxaca emiti\u00f3 Alerta Rosa,\nque se implement\u00f3 para localizar de forma inmediata a las mujeres.<\/p>\n\n\n\n<p>La m\u00e1s\nreciente ficha de b\u00fasqueda publicada por la Unidad de Personas Desaparecidas y No\nLocalizadas es para dar con el paradero de Fabiola Rub\u00ed P\u00e9rez Santiago, de 14\na\u00f1os de edad, quien fue vista por \u00faltima vez en el fraccionamiento \u00c1lamos, en\nla capital del estado.<\/p>\n\n\n\n<p>Pero, 24\nhoras antes tambi\u00e9n se report\u00f3 la desaparici\u00f3n de Roc\u00edo Nayeli L\u00f3pez Hern\u00e1ndez,\nde 17 a\u00f1os de edad, a quien se le vio por \u00faltima vez en el municipio de San\nAntonio de la Cal, en la regi\u00f3n de Valles Centrales, este 5 de marzo.<\/p>\n\n\n\n<p>Ese mismo\nd\u00eda, Luz Marina Bola\u00f1os Carrizosa, de 15 a\u00f1os de edad, tampoco regres\u00f3 a casa. <\/p>\n\n\n\n<p>Su\nfamilia indic\u00f3 que fue vista por \u00faltima vez en la colonia Nueva Era en el\nmunicipio de San Juan Bautista Tuxtepec, donde el pasado 2 de marzo F\u00e1tima\nPalacios, de 18 a\u00f1os, tambi\u00e9n desapareci\u00f3 tras ser vista en la colonia Santa\nFe.<\/p>\n\n\n\n<p>A la\nlista de mujeres no localizadas se suman la de ocho oaxaque\u00f1as m\u00e1s que fueron\nreportadas durante el mes de febrero a la Fiscal\u00eda General de Oaxaca.<\/p>\n\n\n\n<p>El rango\nde edad que predomina en esta condici\u00f3n es de entre los 15 y 17 a\u00f1os, pero\ntambi\u00e9n se registr\u00f3 el hecho en mujeres de 32 y 41 a\u00f1os de edad.<\/p>\n\n\n\n<p>Huajuapan\nde Le\u00f3n, Salina Cruz, Santo Domingo Tehuantepec, Mat\u00edas Romero, San Juan\nBautista Tuxtepec, Oaxaca de Ju\u00e1rez y San Antonio de la Cal, son los municipios\ndonde ocurrieron estos actos.<\/p>\n\n\n\n<p>Pero,\nadem\u00e1s, durante este mismo lapso, cinco varones entre los 15 y tres a\u00f1os de\nedad, fueron reportados como no localizados. Hechos que se registraron en los\nmunicipios de Loma Bonita, Santa Catarina Juquila, San Pedro M\u00e1rtir y Oaxaca de\nJu\u00e1rez.<\/p>\n","protected":false},"excerpt":{"rendered":"<p>Yuridiana Sosa\/Zona Roja. Oaxaca de Ju\u00e1rez, Oax., 7 de marzo de 2020.- En el transcurso&hellip;<\/p>\n","protected":false},"author":2,"featured_media":9622,"comment_status":"closed","ping_status":"open","sticky":false,"template":"","format":"standard","meta":{"_lmt_disableupdate":"","_lmt_disable":"","_jetpack_memberships_contains_paid_content":false,"footnotes":""},"categories":[109,47],"tags":[642],"class_list":["post-9621","post","type-post","status-publish","format-standard","has-post-thumbnail","hentry","category-minuto-a-minuto","category-zona-gris","tag-personas-desaparecidas-oaxaca"],"jetpack_featured_media_url":"https:\/\/zonaroja.com.mx\/wp-content\/uploads\/2020\/03\/IMG_7215.jpg","jetpack_sharing_enabled":true,"_links":{"self":[{"href":"https:\/\/zonaroja.com.mx\/index.php?rest_route=\/wp\/v2\/posts\/9621","targetHints":{"allow":["GET"]}}],"collection":[{"href":"https:\/\/zonaroja.com.mx\/index.php?rest_route=\/wp\/v2\/posts"}],"about":[{"href":"https:\/\/zonaroja.com.mx\/index.php?rest_route=\/wp\/v2\/types\/post"}],"author":[{"embeddable":true,"href":"https:\/\/zonaroja.com.mx\/index.php?rest_route=\/wp\/v2\/users\/2"}],"replies":[{"embeddable":true,"href":"https:\/\/zonaroja.com.mx\/index.php?rest_route=%2Fwp%2Fv2%2Fcomments&post=9621"}],"version-history":[{"count":1,"href":"https:\/\/zonaroja.com.mx\/index.php?rest_route=\/wp\/v2\/posts\/9621\/revisions"}],"predecessor-version":[{"id":9623,"href":"https:\/\/zonaroja.com.mx\/index.php?rest_route=\/wp\/v2\/posts\/9621\/revisions\/9623"}],"wp:featuredmedia":[{"embeddable":true,"href":"https:\/\/zonaroja.com.mx\/index.php?rest_route=\/wp\/v2\/media\/9622"}],"wp:attachment":[{"href":"https:\/\/zonaroja.com.mx\/index.php?rest_route=%2Fwp%2Fv2%2Fmedia&parent=9621"}],"wp:term":[{"taxonomy":"category","embeddable":true,"href":"https:\/\/zonaroja.com.mx\/index.php?rest_route=%2Fwp%2Fv2%2Fcategories&post=9621"},{"taxonomy":"post_tag","embeddable":true,"href":"https:\/\/zonaroja.com.mx\/index.php?rest_route=%2Fwp%2Fv2%2Ftags&post=9621"}],"curies":[{"name":"wp","href":"https:\/\/api.w.org\/{rel}","templated":true}]}}