{"id":9624,"date":"2020-03-07T21:40:45","date_gmt":"2020-03-08T03:40:45","guid":{"rendered":"http:\/\/www.zonaroja.com.mx\/?p=9624"},"modified":"2020-03-07T21:45:20","modified_gmt":"2020-03-08T03:45:20","slug":"sube-a-7-numero-de-casos-positivos-de-coronavirus-en-mexico","status":"publish","type":"post","link":"https:\/\/zonaroja.com.mx\/?p=9624","title":{"rendered":"Sube a 7 n\u00famero de casos positivos de coronavirus en M\u00e9xico"},"content":{"rendered":"\n<p>Zona Roja\nCdmx.<\/p>\n\n\n\n<p>Ciudad de\nM\u00e9xico, 7 de marzo de 2020.- La Secretar\u00eda de Salud federal inform\u00f3 que se\nelev\u00f3 a siete el n\u00famero de casos positivos en M\u00e9xico del Covid-19, luego que un\nhombre de 46 a\u00f1os de la Ciudad de M\u00e9xico, result\u00f3 positivo en la prueba de\nlaboratorio. <\/p>\n\n\n\n<p>El\npaciente se reporta estable, con s\u00edntomas leves de la enfermedad y permanece en\naislamiento preventivo en su domicilio.<\/p>\n\n\n\n<p>En\nconferencia de prensa, Hugo L\u00f3pez-Gatell, subsecretario de Prevenci\u00f3n y\nPromoci\u00f3n de la Salud, detall\u00f3 que tambi\u00e9n se han realizado acciones para\ngarantizar la atenci\u00f3n oportuna de pacientes, entre ellos estudios de mercado\npara definir la compra de insumos y equipos especializados para el desarrollo\nde la pandemia en el pa\u00eds, y evitar \u201ccompras de p\u00e1nico\u201d.<\/p>\n\n\n\n<p>Tambi\u00e9n\ndestac\u00f3 que la pr\u00f3xima semana se reunir\u00e1n los secretario de Salud de M\u00e9xico,\nEstados Unidos y Canad\u00e1 para definir acciones conjuntas previas a las\nvacaciones de primavera y Semana Santa, a fin de que los tres pa\u00edses colaboren\npara garantizar un tr\u00e1nsito seguro de los viajeros, y que se verifique su estado\nde salud antes de abandonar su pa\u00eds de origen.<\/p>\n\n\n\n<p>Otras de\nlas acciones que se acord\u00f3 con todos los secretarios de Salud del pa\u00eds, fue\ngenerar una lista de los eventos p\u00fablicos que se tienen calendarizados en todo\nel territorio nacional para que conforme a la din\u00e1mica de transmisi\u00f3n del virus\nque se pueda presentar en cada regi\u00f3n, definir qu\u00e9 eventos podr\u00edan ser\ncancelados y cu\u00e1les no. Entre ellos la F\u00f3rmula Uno o la Feria de San Marcos.<\/p>\n\n\n\n<p>Por su parte, la directora general del Centro Nacional para la Prevenci\u00f3n y Control del VIH y el Sida (Censida), Alethse de la Torre Rosas, enfatiz\u00f3 que existe personal especializado para definir la compra de equipos de protecci\u00f3n para la atenci\u00f3n de pacientes graves, los cuales ser\u00e1n empleados de acuerdo con las necesidades que presente cada entidad.<\/p>\n\n\n\n<p>PRIMER MUERTO EN LATINOAM\u00c9RICA<\/p>\n\n\n\n<p>En tanto,\nun hombre de 64 a\u00f1os muri\u00f3 este s\u00e1bado en Buenos Aires, Argentina, por\ncoronavirus y se convirti\u00f3 en la primera v\u00edctima fatal en Am\u00e9rica latina, seg\u00fan\nreport\u00f3 la prensa local.<\/p>\n\n\n\n<p>El\nfallecido, oriundo de Buenos Aires, hab\u00eda regresado recientemente de Europa y\nse hab\u00eda sido hospitalizado tras asistir al m\u00e9dico por s\u00edntomas de fiebre, tos\ny dolor de garganta, seg\u00fan fuentes coincidentes citadas por la prensa local. Argentina\nreport\u00f3 otros ocho casos de coronavirus.<\/p>\n\n\n\n<p>CUARENTENA\nEN ITALIA<\/p>\n\n\n\n<p>A su vez, el gobierno de Italia se prepara para\ndecretar una cuarentena en toda la regi\u00f3n de Lombard\u00eda, incluida la capital\necon\u00f3mica del pa\u00eds, Mil\u00e1n, as\u00ed como la regi\u00f3n de Venecia, el norte de Emilia\nRoma\u00f1a y el este de Piemonte, informaron el s\u00e1bado varios medios de prensa\nitalianos.<\/p>\n\n\n\n<p>Despu\u00e9s de China, donde apareci\u00f3 el virus en diciembre\ny hay 80 mil 651 contagios y tres mil 70 muertos, Italia es uno de los pa\u00edses\nm\u00e1s afectados con casi cinco mil 900 casos y 233 decesos. Corea del Sur suma\ncasi siete mil contagios pero tiene m\u00e1s baja mortalidad, con 44 fallecidos.<\/p>\n\n\n\n<p>(Informaci\u00f3n\nde \u201cLa Jornada\u201d)<\/p>\n","protected":false},"excerpt":{"rendered":"<p>Zona Roja Cdmx. Ciudad de M\u00e9xico, 7 de marzo de 2020.- La Secretar\u00eda de Salud&hellip;<\/p>\n","protected":false},"author":2,"featured_media":8578,"comment_status":"closed","ping_status":"open","sticky":false,"template":"","format":"standard","meta":{"_lmt_disableupdate":"","_lmt_disable":"","_jetpack_memberships_contains_paid_content":false,"footnotes":""},"categories":[109,47],"tags":[1328],"class_list":["post-9624","post","type-post","status-publish","format-standard","has-post-thumbnail","hentry","category-minuto-a-minuto","category-zona-gris","tag-coronavirus-mexico"],"jetpack_featured_media_url":"https:\/\/zonaroja.com.mx\/wp-content\/uploads\/2020\/02\/Coronavirus.jpg","jetpack_sharing_enabled":true,"_links":{"self":[{"href":"https:\/\/zonaroja.com.mx\/index.php?rest_route=\/wp\/v2\/posts\/9624","targetHints":{"allow":["GET"]}}],"collection":[{"href":"https:\/\/zonaroja.com.mx\/index.php?rest_route=\/wp\/v2\/posts"}],"about":[{"href":"https:\/\/zonaroja.com.mx\/index.php?rest_route=\/wp\/v2\/types\/post"}],"author":[{"embeddable":true,"href":"https:\/\/zonaroja.com.mx\/index.php?rest_route=\/wp\/v2\/users\/2"}],"replies":[{"embeddable":true,"href":"https:\/\/zonaroja.com.mx\/index.php?rest_route=%2Fwp%2Fv2%2Fcomments&post=9624"}],"version-history":[{"count":2,"href":"https:\/\/zonaroja.com.mx\/index.php?rest_route=\/wp\/v2\/posts\/9624\/revisions"}],"predecessor-version":[{"id":9627,"href":"https:\/\/zonaroja.com.mx\/index.php?rest_route=\/wp\/v2\/posts\/9624\/revisions\/9627"}],"wp:featuredmedia":[{"embeddable":true,"href":"https:\/\/zonaroja.com.mx\/index.php?rest_route=\/wp\/v2\/media\/8578"}],"wp:attachment":[{"href":"https:\/\/zonaroja.com.mx\/index.php?rest_route=%2Fwp%2Fv2%2Fmedia&parent=9624"}],"wp:term":[{"taxonomy":"category","embeddable":true,"href":"https:\/\/zonaroja.com.mx\/index.php?rest_route=%2Fwp%2Fv2%2Fcategories&post=9624"},{"taxonomy":"post_tag","embeddable":true,"href":"https:\/\/zonaroja.com.mx\/index.php?rest_route=%2Fwp%2Fv2%2Ftags&post=9624"}],"curies":[{"name":"wp","href":"https:\/\/api.w.org\/{rel}","templated":true}]}}