{"id":9628,"date":"2020-03-08T09:49:39","date_gmt":"2020-03-08T15:49:39","guid":{"rendered":"http:\/\/www.zonaroja.com.mx\/?p=9628"},"modified":"2020-03-07T21:51:29","modified_gmt":"2020-03-08T03:51:29","slug":"anuncian-sede-de-la-comandancia-regional-de-la-policia-estatal-en-tuxtepec","status":"publish","type":"post","link":"https:\/\/zonaroja.com.mx\/?p=9628","title":{"rendered":"Anuncian sede de la Comandancia Regional de la Polic\u00eda Estatal en Tuxtepec"},"content":{"rendered":"\n<p>Agencia Armando\nNoticias<\/p>\n\n\n\n<p>San Juan\nBautista Tuxtepec, Oax.- Dada las malas condiciones de la Comandancia Regional\nde la Polic\u00eda Estatal que funcionaba en terrenos de la papelera Tuxtepec, el secretario\nde Seguridad P\u00fablica, Ra\u00fal Ernesto Rosales Salcedo, instruy\u00f3 para que el\npersonal se trasladar\u00e1 a un edificio donde funcionar\u00e1 la base policial.<\/p>\n\n\n\n<p>\u00abEste\nes un esfuerzo en conjunto entre el gobierno estatal, municipal y ciudadan\u00eda\u00bb,\nafirm\u00f3 durante su reciente gira de trabajo por esa ciudad.<\/p>\n\n\n\n<p>Y es que\nluego de una visita de supervisi\u00f3n a la Cuenca del Papaloapan, hace un par de\nsemanas, el titular de la SSPO, se percat\u00f3 que las condiciones en que estaban\ntrabajando y viviendo los polic\u00edas estatales comisionados en la Cuenca, no eran\nlas adecuadas ni dignas.<\/p>\n\n\n\n<p>Expuso\nque el Gobernador del Estado, Alejandro Murat Hinojosa, fue enterado de la\nsituaci\u00f3n y de inmediato orden\u00f3 que se inicie la construcci\u00f3n del cuartel\nregional de la Polic\u00eda Estatal en la Cuenca del Papaloapan.<\/p>\n\n\n\n<p>De manera\nprovisional, el personal fue trasladado a un edificio ubicado en la avenida\nLibertad, en el centro de Tuxtepec, para laborar en instalaciones dignas.<\/p>\n\n\n\n<p>Este\ninmueble, es de un particular, mientras que personal del municipio realiza\nmaniobras de rehabilitaci\u00f3n y acondicionamiento del espacio, dijo Salcedo\nRosales.<\/p>\n\n\n\n<p>De manera\ndirecta, los polic\u00edas expresaron otras necesidades que tienen, entre ellas, m\u00e1s\nequipo t\u00e1ctico para hacer m\u00e1s eficiente su trabajo.<\/p>\n\n\n\n<p>Est\u00e1s\nnecesidades, ser\u00e1n cubiertas en los pr\u00f3ximos d\u00edas, les asegur\u00f3 el secretario de\nSeguridad.<\/p>\n\n\n\n<p>Ra\u00fal\nErnesto Salcedo reconoci\u00f3 a nombre de los polic\u00edas estatales, la pronta\nrespuesta del gobernador, quien orden\u00f3 que en los pr\u00f3ximos d\u00edas se inicie con\nel trabajo de edificaci\u00f3n del cuartel regional de la Polic\u00eda Estatal, en d\u00f3nde\nestar\u00e1 la comandancia de la Polic\u00eda Municipal.<\/p>\n\n\n\n<p>Al mismo\ntiempo, agradeci\u00f3 al edil de Tuxtepec Fernando Bautista D\u00e1vila, qui\u00e9n con su\nCabildo autorizaron la donaci\u00f3n del terreno.<\/p>\n\n\n\n<p>En tanto\nque, los operativos conjuntos de vigilancia entre la Guardia Nacional, Fuerza\nCivil de Veracruz y Polic\u00eda Preventiva Estatal, contin\u00faan como parte de la\nestrategia para devolver la seguridad a la regi\u00f3n.<\/p>\n","protected":false},"excerpt":{"rendered":"<p>Agencia Armando Noticias San Juan Bautista Tuxtepec, Oax.- Dada las malas condiciones de la Comandancia&hellip;<\/p>\n","protected":false},"author":2,"featured_media":9629,"comment_status":"closed","ping_status":"open","sticky":false,"template":"","format":"standard","meta":{"_lmt_disableupdate":"","_lmt_disable":"","_jetpack_memberships_contains_paid_content":false,"footnotes":""},"categories":[109,47],"tags":[231],"class_list":["post-9628","post","type-post","status-publish","format-standard","has-post-thumbnail","hentry","category-minuto-a-minuto","category-zona-gris","tag-raul-ernesto-salcedo-rosales"],"jetpack_featured_media_url":"https:\/\/zonaroja.com.mx\/wp-content\/uploads\/2020\/03\/Image-1-56.png","jetpack_sharing_enabled":true,"_links":{"self":[{"href":"https:\/\/zonaroja.com.mx\/index.php?rest_route=\/wp\/v2\/posts\/9628","targetHints":{"allow":["GET"]}}],"collection":[{"href":"https:\/\/zonaroja.com.mx\/index.php?rest_route=\/wp\/v2\/posts"}],"about":[{"href":"https:\/\/zonaroja.com.mx\/index.php?rest_route=\/wp\/v2\/types\/post"}],"author":[{"embeddable":true,"href":"https:\/\/zonaroja.com.mx\/index.php?rest_route=\/wp\/v2\/users\/2"}],"replies":[{"embeddable":true,"href":"https:\/\/zonaroja.com.mx\/index.php?rest_route=%2Fwp%2Fv2%2Fcomments&post=9628"}],"version-history":[{"count":1,"href":"https:\/\/zonaroja.com.mx\/index.php?rest_route=\/wp\/v2\/posts\/9628\/revisions"}],"predecessor-version":[{"id":9630,"href":"https:\/\/zonaroja.com.mx\/index.php?rest_route=\/wp\/v2\/posts\/9628\/revisions\/9630"}],"wp:featuredmedia":[{"embeddable":true,"href":"https:\/\/zonaroja.com.mx\/index.php?rest_route=\/wp\/v2\/media\/9629"}],"wp:attachment":[{"href":"https:\/\/zonaroja.com.mx\/index.php?rest_route=%2Fwp%2Fv2%2Fmedia&parent=9628"}],"wp:term":[{"taxonomy":"category","embeddable":true,"href":"https:\/\/zonaroja.com.mx\/index.php?rest_route=%2Fwp%2Fv2%2Fcategories&post=9628"},{"taxonomy":"post_tag","embeddable":true,"href":"https:\/\/zonaroja.com.mx\/index.php?rest_route=%2Fwp%2Fv2%2Ftags&post=9628"}],"curies":[{"name":"wp","href":"https:\/\/api.w.org\/{rel}","templated":true}]}}