{"id":9631,"date":"2020-03-08T10:58:31","date_gmt":"2020-03-08T16:58:31","guid":{"rendered":"http:\/\/www.zonaroja.com.mx\/?p=9631"},"modified":"2020-03-08T14:22:23","modified_gmt":"2020-03-08T20:22:23","slug":"las-autoridades-de-oaxaca-no-han-hecho-nada-insiste-maria-elena","status":"publish","type":"post","link":"https:\/\/zonaroja.com.mx\/?p=9631","title":{"rendered":"\u201cLas autoridades de Oaxaca no han hecho nada\u201d, insiste Mar\u00eda Elena"},"content":{"rendered":"\n<p>Redacci\u00f3n\/Zona\nRoja.<\/p>\n\n\n\n<p>Oaxaca de\nJu\u00e1rez, Oax., 8 de marzo de 2020.- Luego de seis meses de la agresi\u00f3n que\nsufri\u00f3 con \u00e1cido, la saxofonista oaxaque\u00f1a Mar\u00eda Elena R\u00edos ya se reencontr\u00f3\ncon su preciado instrumento.<\/p>\n\n\n\n<p>Tras\nhaber recibido amenazas que la condicionaban a ya no hacer lo que m\u00e1s le gusta,\nque es la m\u00fasica, advirti\u00e9ndole que si tocaba, la mataban, Mar\u00eda Elena ya pudo\nvolver a tocar, de acuerdo con informaci\u00f3n del diario \u201cExcelsior\u201d.<\/p>\n\n\n\n<p>\u201cEs un\nimpacto muy fuerte decir \u2018te voy a matar\u2019, teniendo una lesi\u00f3n latente en la\npiel y todav\u00eda que te digan, te condicionen con lo que m\u00e1s amas hacer, que es\nla m\u00fasica. \u2018Si tocas, te mato\u2019\u201d, refiri\u00f3<\/p>\n\n\n\n<p>\u201cAnteriormente,\ncuando lo intent\u00e9, no pude. Se me hizo absurdo en un momento porque intent\u00e9\nacercarme a mi saxof\u00f3n, pero los estuches de mi saxof\u00f3n alto y saxof\u00f3n soprano\nestaban salpicados de \u00e1cido. <\/p>\n\n\n\n<p>\u201cPara m\u00ed\nfue muy fuerte, ni yo no pod\u00eda creer que algo material llegara a impactar.\nQuiz\u00e1 si alguien escucha esto dir\u00eda, \u2018c\u00f3mo se podr\u00eda llorar, qu\u00e9 show andar\nhaciendo estas cosas\u2019; se llora por un estuche, pero realmente para m\u00ed, mi\nsaxof\u00f3n es una extremidad de mi cuerpo, es otro brazo, es otra boca, es otro\ncuerpo que est\u00e1 unido al m\u00edo y recientemente ya pude hacerlo\u201d, cont\u00f3.<\/p>\n\n\n\n<p>En\nentrevista transmitida en el programa \u201cDe Pisa y Corre\u201d, en Imagen Televisi\u00f3n,\nMar\u00eda Elena narr\u00f3 el reencuentro, dado de forma natural.<\/p>\n\n\n\n<p>REENCONTRARSE<\/p>\n\n\n\n<p>\u201cEstaba\nprecisamente cambiando un saxof\u00f3n a un estuche nuevo y yo estaba normal y ni me\nacuerdo qu\u00e9 estaba platicando con mi mam\u00e1, pero ya tienes c\u00f3mo m\u00fasico muchas\ncosas automatizadas: una baterista ya est\u00e1 moviendo su baqueta.<\/p>\n\n\n\n<p>\u201cNosotros,\nque usamos las ca\u00f1as, ya las quieres andar chupando; entonces lo que hice\nsolamente fue tomar la boquilla, pero lo hice inconscientemente, es lo que me\nsorprende y yo platicando con mi&nbsp;mam\u00e1 tambi\u00e9n sorprendida y le digo \u2018me\nqueda, me queda, s\u00ed entra\u2019. <\/p>\n\n\n\n<p>\u201cFue\nmaravilloso es como una reconciliaci\u00f3n con tu instrumento,&nbsp; fue muy bonito\nrecordarlo y jam\u00e1s se me va a olvidar este reencuentro\u201d, describi\u00f3.<\/p>\n\n\n\n<p>Ahora, la\nsaxofonista oaxaque\u00f1a tiene la esperanza de retomar todos los sue\u00f1os que ten\u00eda\nantes de ser atacada.<\/p>\n\n\n\n<p>\u201cEn ese\nverano previo al suceso yo empec\u00e9 a ir a cursos, a clases, trat\u00e9 de llenar mi\nverano, porque dije \u2018el pr\u00f3ximo a\u00f1o quiero irme a estudiar a la Ciudad de\nM\u00e9xico\u2019 y claro, yo fij\u00e1ndome un futuro m\u00e1s all\u00e1 de M\u00e9xico, tengo que conseguir\nuna beca fuera del pa\u00eds y me quiero seguir preparando. <\/p>\n\n\n\n<p>\u201cLos\nplanes se me vinieron abajo; mucho se modificaron, muchos no se van a llevar a\ncabo, pero yo tengo la esperanza que los pueda lograr y me sienta bien\u201d,\nasegur\u00f3.<\/p>\n\n\n\n<figure class=\"wp-block-embed-youtube wp-block-embed is-type-video is-provider-youtube wp-embed-aspect-16-9 wp-has-aspect-ratio\"><div class=\"wp-block-embed__wrapper\">\n<iframe title=\"Ten\u00eda ganas de morir: Saxofonista oaxaque\u00f1a atacada con \u00e1cido\" width=\"1170\" height=\"658\" src=\"https:\/\/www.youtube.com\/embed\/pRgzVjT9kOg?feature=oembed\" frameborder=\"0\" allow=\"accelerometer; autoplay; encrypted-media; gyroscope; picture-in-picture\" allowfullscreen><\/iframe>\n<\/div><\/figure>\n\n\n\n<p>VA A\nBUSCAR JUSTICIA<\/p>\n\n\n\n<p>En este\ncontexto, Mar\u00eda Elena siente miedo, dolor e impotencia porque, mientras su\nagresor est\u00e1 libre, ella tiene que vivir escondida. Pero pese a ello, asegur\u00f3,\nluchar\u00e1 por llegar a la justicia.<\/p>\n\n\n\n<p>\u201cM\u00e1s que\ndolida tambi\u00e9n me siento burlada y me siento muy impotente porque pareciera que\npor el hecho de ser mujer valgo menos y pareciera que no tienen las ganas de\nhacer justicia, pero por eso estoy aqu\u00ed porque afortunadamente estoy viva\ndespu\u00e9s del hecho. Como ya todos saben, me hicieron una tentativa de feminicidio\u201d,\nexpres\u00f3 a \u201cExcelsior\u201d.<\/p>\n\n\n\n<p>Cuestionada\nsobre qu\u00e9 han hecho las autoridades, la saxofonista oaxaque\u00f1a respondi\u00f3:<\/p>\n\n\n\n<p>\u201cNada,\nporque el agresor anda libre y la escondida soy yo para que no me haga nada ni\na m\u00ed ni a mi familia. Mar\u00eda Elena es una mujer que est\u00e1 muy dolida, muy dolida\ncon las autoridades competentes porque no han solucionado una situaci\u00f3n que\nest\u00e1 dentro de su posibilidad\u201d.<\/p>\n\n\n\n<p>Y a\u00fan\nas\u00ed, una Mar\u00eda Elena con la frente la alto, manifest\u00f3 que est\u00e1 dispuesta a\nllegar a la justicia.<\/p>\n\n\n\n<p>\u201cSi la\njusticia no ha llegado a m\u00ed, yo voy a llegar a la justicia de una u otra\nforma&#8230;\u201d, expres\u00f3.<\/p>\n\n\n\n<p>Mar\u00eda\nElena describi\u00f3 el ataque que sufri\u00f3 como la experiencia m\u00e1s horrible de su\nvida. Record\u00f3 c\u00f3mo al principio s\u00f3lo sent\u00eda ganas de morirse.<\/p>\n\n\n\n<p>\u201cPorque\nlo que yo viv\u00ed, que se le llama tentativa de feminicidio, tentativa porque\nqued\u00e9 viva. Fue una tortura de dolor durante, valga la redundancia, una tortura\nque dur\u00f3, as\u00ed fuerte el dolor, durante cuatro meses y medio m\u00e1s o menos\u201d,\ncont\u00f3.<\/p>\n\n\n\n<p>Ahora\ndesea un castigo ejemplar para su agresor, para que ninguna mujer tenga que\npasar lo que ella est\u00e1 viviendo.<\/p>\n\n\n\n<p>NO SE LO\nDESEO A NADIE&nbsp;<\/p>\n\n\n\n<p>\u201cLamentablemente\nme toc\u00f3 pues vivir esta situaci\u00f3n que ni a mi agresor se la deseo porque es\nhorrible, en serio es horrible. Quiero aclarar que porque yo no le desee este\ntipo de agresi\u00f3n a mi agresor, quiere decir que lo perdono; \u00e9l merece ser\njuzgado y con un castigo ejemplar para que estas acciones ya no se sigan dando;\nes muy grave mi asunto\u201d.<\/p>\n\n\n\n<p>Mar\u00eda\nElena R\u00edos, quien&nbsp; se\u00f1al\u00f3 al exdiputado local pri\u00edsta de Oaxaca, Juan Vera\nCarrizal, como su agresor, confes\u00f3 que tiene miedo mientras est\u00e9 libre.<\/p>\n\n\n\n<p>\u201cDesde\nluego, yo hice el se\u00f1alamiento directo desde que me vaciaron el \u00e1cido. Cuando\nllaman al 911 y llega la ambulancia, yo le ped\u00ed el tel\u00e9fono a mi mam\u00e1 porque el\nm\u00edo no s\u00e9 d\u00f3nde estaba y le llam\u00c9 a \u00e9l por tel\u00e9fono, a mi agresor, y le dije\n\u2018me vaciaron \u00e1cido y fuiste t\u00fa\u2019 y lo que \u00e9l hizo fue empezarse a re\u00edr y me dijo\nque \u2018c\u00f3mo, ahorita voy\u2019. C\u00f3mo sabe d\u00f3nde estaba, o sea hay veces que el\nsubconsciente te traiciona mucho; posteriormente recib\u00ed amenazas, pero al\ntel\u00e9fono de mi madre\u201d, narr\u00f3.<\/p>\n\n\n\n<p>\u201cY no son\ncosas que diga al aire, no; son cosas que la Fiscal\u00eda tiene confirmadas, igual\nahorita hay dos personas detenidas que son los autores materiales: el que me\nvaci\u00f3 el \u00e1cido y su pap\u00e1 que era el que lo cuidaba por fuera. Ya declararon que\nfue \u00e9l, cu\u00e1nto les pag\u00f3 y las palabras tan fuertes, tan hirientes, cuando le\ndice Rubiel, se llama el que le vaci\u00f3 el \u00e1cido, \u2018pero qui\u00e9n es la chava, es una\npinche noviecita que se pas\u00f3 de pendeja y no merece vivir\u2019. Actualmente yo\ntengo much\u00edsimo miedo porque digo \u2018s\u00ed, esto fue a ra\u00edz de que deje la relaci\u00f3n\ny a \u00e9l eso le molest\u00f3; yo dej\u00e9 la relaci\u00f3n por violencia\u201d, acot\u00f3.<\/p>\n\n\n\n<p>Mar\u00eda\nElena indic\u00f3 que las amenazas que ha recibido despu\u00e9s del ataque representan un\nimpacto muy fuerte en su estado.<\/p>\n\n\n\n<p>\u201cEste\nhombre me ha de odiar, ha de pensar&nbsp; otras formas de matarme o qu\u00e9 cosa\npensar\u00e1. El m\u00e1s grande temor y la impotencia que tengo con las autoridades de Oaxaca\nporque son seis meses; este nueve de marzo son seis meses y no han hecho nada\u201d.<\/p>\n\n\n\n<p>La\nsaxofonista oaxaque\u00f1a consider\u00f3 que el presidente Andr\u00e9s Manuel L\u00f3pez Obrador,\npor el que ella misma vot\u00f3, ya deber\u00eda haber \u201ctomado cartas en el asunto\u201d,\nsobre su caso.<\/p>\n\n\n\n<p>\u201cNo s\u00e9 si\nhay intereses de por medio. Ahora, a la fecha, por lo que me hac\u00eda saber mi\nagresor cuando me intimidaba, que me dec\u00eda \u2018t\u00fa no sabes qui\u00e9n soy yo en Oaxaca,\nsi t\u00fa me lastimas no sabes qui\u00e9n soy, porque yo tengo mucha fuerza pol\u00edtica,\ntengo mucho poder econ\u00f3mico\u2019. <\/p>\n\n\n\n<p>\u201cAlguna\nvez me hizo un comentario: \u2018a m\u00ed nunca me va a pasar nada\u2019. Entonces quiero\ninterpretar que por el tiempo, que ya son seis meses, medio a\u00f1o nada f\u00e1cil, muy\ncomplicado para m\u00ed, para mi familia, s\u00ed eran verdad las amenazas del agresor o\nqu\u00e9 est\u00e1 pasando o por qu\u00e9 no accionan,\u201d cuestion\u00f3.<\/p>\n\n\n\n<figure class=\"wp-block-embed-youtube wp-block-embed is-type-video is-provider-youtube wp-embed-aspect-16-9 wp-has-aspect-ratio\"><div class=\"wp-block-embed__wrapper\">\n<iframe title=\"Mi agresor anda libre y yo escondida: Saxofonista atacada con \u00e1cido\" width=\"1170\" height=\"658\" src=\"https:\/\/www.youtube.com\/embed\/C4xACAhb5QQ?feature=oembed\" frameborder=\"0\" allow=\"accelerometer; autoplay; encrypted-media; gyroscope; picture-in-picture\" allowfullscreen><\/iframe>\n<\/div><\/figure>\n","protected":false},"excerpt":{"rendered":"<p>Redacci\u00f3n\/Zona Roja. Oaxaca de Ju\u00e1rez, Oax., 8 de marzo de 2020.- Luego de seis meses&hellip;<\/p>\n","protected":false},"author":2,"featured_media":6563,"comment_status":"closed","ping_status":"open","sticky":false,"template":"","format":"standard","meta":{"_lmt_disableupdate":"","_lmt_disable":"","_jetpack_memberships_contains_paid_content":false,"footnotes":""},"categories":[109,47],"tags":[1124],"class_list":["post-9631","post","type-post","status-publish","format-standard","has-post-thumbnail","hentry","category-minuto-a-minuto","category-zona-gris","tag-maria-elena-rios-ortiz"],"jetpack_featured_media_url":"https:\/\/zonaroja.com.mx\/wp-content\/uploads\/2019\/12\/Mar\u00eda-Elena-R\u00edos.jpg","jetpack_sharing_enabled":true,"_links":{"self":[{"href":"https:\/\/zonaroja.com.mx\/index.php?rest_route=\/wp\/v2\/posts\/9631","targetHints":{"allow":["GET"]}}],"collection":[{"href":"https:\/\/zonaroja.com.mx\/index.php?rest_route=\/wp\/v2\/posts"}],"about":[{"href":"https:\/\/zonaroja.com.mx\/index.php?rest_route=\/wp\/v2\/types\/post"}],"author":[{"embeddable":true,"href":"https:\/\/zonaroja.com.mx\/index.php?rest_route=\/wp\/v2\/users\/2"}],"replies":[{"embeddable":true,"href":"https:\/\/zonaroja.com.mx\/index.php?rest_route=%2Fwp%2Fv2%2Fcomments&post=9631"}],"version-history":[{"count":2,"href":"https:\/\/zonaroja.com.mx\/index.php?rest_route=\/wp\/v2\/posts\/9631\/revisions"}],"predecessor-version":[{"id":9644,"href":"https:\/\/zonaroja.com.mx\/index.php?rest_route=\/wp\/v2\/posts\/9631\/revisions\/9644"}],"wp:featuredmedia":[{"embeddable":true,"href":"https:\/\/zonaroja.com.mx\/index.php?rest_route=\/wp\/v2\/media\/6563"}],"wp:attachment":[{"href":"https:\/\/zonaroja.com.mx\/index.php?rest_route=%2Fwp%2Fv2%2Fmedia&parent=9631"}],"wp:term":[{"taxonomy":"category","embeddable":true,"href":"https:\/\/zonaroja.com.mx\/index.php?rest_route=%2Fwp%2Fv2%2Fcategories&post=9631"},{"taxonomy":"post_tag","embeddable":true,"href":"https:\/\/zonaroja.com.mx\/index.php?rest_route=%2Fwp%2Fv2%2Ftags&post=9631"}],"curies":[{"name":"wp","href":"https:\/\/api.w.org\/{rel}","templated":true}]}}