{"id":9633,"date":"2020-03-08T07:54:08","date_gmt":"2020-03-08T13:54:08","guid":{"rendered":"http:\/\/www.zonaroja.com.mx\/?p=9633"},"modified":"2020-03-08T07:54:12","modified_gmt":"2020-03-08T13:54:12","slug":"convoca-activista-frida-guerrera-a-movilizarse-por-las-asesinadas-en-mexico","status":"publish","type":"post","link":"https:\/\/zonaroja.com.mx\/?p=9633","title":{"rendered":"Convoca activista Frida Guerrera a movilizarse por las asesinadas en M\u00e9xico"},"content":{"rendered":"\n<p>Evlin\nArag\u00f3n\/Zona Roja.<\/p>\n\n\n\n<p>Oaxaca de\nJu\u00e1rez, Oax., 8 de marzo de 2020- Este domingo, decenas de movilizaciones se\nhan convocado en M\u00e9xico en el marco del D\u00eda Internacional de la Mujer, fecha\nque servir\u00e1 para denunciar el aumento de los feminicidios en el pa\u00eds y la\nexigencia de justicia para las mujeres que murieron a manos de la violencia\nfeminicida.<\/p>\n\n\n\n<p>La\nperiodista y activista Frida Guerrera, que desde hace a\u00f1os ha acompa\u00f1ado a las\nv\u00edctimas de los feminicidios, adem\u00e1s de darle seguimiento a las cifras de los\ncasos a nivel nacional, anunci\u00f3 la movilizaci\u00f3n para este d\u00eda en la capital del\npa\u00eds, que estar\u00e1 conformada por familiares de mujeres asesinadas.&nbsp; <\/p>\n\n\n\n<p>Se trata\nde una concentraci\u00f3n en la \u201cCruz de Vida\u201d ubicada en Insurgentes Sur frente al\nMonumento a la Madre, en punto de las 10:00 horas, en donde se recordar\u00e1n a las\nmujeres asesinadas por el machismo y la misoginia en M\u00e9xico.<\/p>\n\n\n\n<p>Como\nparte de la organizaci\u00f3n, convocan a llevar flores con la intenci\u00f3n colocar una\nofrenda para las decenas y cientos de mujeres que tuvieron como fin el\nasesinato, ante la omisi\u00f3n de las autoridades de los tres niveles de gobierno\npor para la vor\u00e1gine de violencia feminicida que se registra en el pa\u00eds.<\/p>\n\n\n\n<p>En sus\nredes sociales, aprovech\u00f3 para se\u00f1alar que su convocatoria no sea tomada en\ncuenta por los diferentes medios de comunicaci\u00f3n que se han dado a la tarea de\nhacer una recopilaci\u00f3n de las decenas de llamados a la movilizaci\u00f3n de mujeres\npara este domingo 8 de marzo.<\/p>\n\n\n\n<p>Desde el\n2018, Frida Guerrera, en conjunto con colectivos en defensa de los derechos de\nlas mujeres, conmemoran el \u201cD\u00eda de Muertas\u201d el 3 de noviembre, con la intenci\u00f3n\nde dar voz a las mujeres asesinadas por raz\u00f3n de g\u00e9nero.<\/p>\n\n\n\n<p>Justicia,\nreparaci\u00f3n y verdad son algunas de las premisas que dan pie a la celebraci\u00f3n en\nnoviembre, que de acuerdo con la activista representa el dolor, la indignaci\u00f3n,\nel sufrimiento de todos los d\u00edas, representa a decenas, centenares de familias\nrotas, desechas, invisibles, ante las autoridades mexicanas.<\/p>\n\n\n\n<p>En Oaxaca\ndiversos colectivos feministas de la capital oaxaque\u00f1a marcharan en las\nprincipales calles a partir de las tres de la tarde, teniendo como lugar de\nconcentraci\u00f3n la entrada principal del Pante\u00f3n General.<\/p>\n\n\n\n<p>\u201cEs por\nti Mar\u00eda del Sol, es por ti Mar\u00eda Elena, es por ti Dafne, es por ti Leslie\nWilson, es por ti F\u00e1tima, es por ti Ingrid, es por ti Valeria, es por ti\nJosselynne, es por ti Maricarmen, es por ti Marychuy, es por ti Isabel, es por\nti Guadalupe, es por ti Lesvy, y es por todas nuestras hermanas a las que nadie\nnombra\u201d, refieren como parte de la convocatoria.<\/p>\n","protected":false},"excerpt":{"rendered":"<p>Evlin Arag\u00f3n\/Zona Roja. Oaxaca de Ju\u00e1rez, Oax., 8 de marzo de 2020- Este domingo, decenas&hellip;<\/p>\n","protected":false},"author":2,"featured_media":9634,"comment_status":"closed","ping_status":"open","sticky":false,"template":"","format":"standard","meta":{"_lmt_disableupdate":"","_lmt_disable":"","_jetpack_memberships_contains_paid_content":false,"footnotes":""},"categories":[109],"tags":[1480,1377],"class_list":["post-9633","post","type-post","status-publish","format-standard","has-post-thumbnail","hentry","category-minuto-a-minuto","tag-dia-internacional-de-la-mujer","tag-frida-guerrera-villalvazo"],"jetpack_featured_media_url":"https:\/\/zonaroja.com.mx\/wp-content\/uploads\/2020\/03\/Frida-Guerrera.jpg","jetpack_sharing_enabled":true,"_links":{"self":[{"href":"https:\/\/zonaroja.com.mx\/index.php?rest_route=\/wp\/v2\/posts\/9633","targetHints":{"allow":["GET"]}}],"collection":[{"href":"https:\/\/zonaroja.com.mx\/index.php?rest_route=\/wp\/v2\/posts"}],"about":[{"href":"https:\/\/zonaroja.com.mx\/index.php?rest_route=\/wp\/v2\/types\/post"}],"author":[{"embeddable":true,"href":"https:\/\/zonaroja.com.mx\/index.php?rest_route=\/wp\/v2\/users\/2"}],"replies":[{"embeddable":true,"href":"https:\/\/zonaroja.com.mx\/index.php?rest_route=%2Fwp%2Fv2%2Fcomments&post=9633"}],"version-history":[{"count":1,"href":"https:\/\/zonaroja.com.mx\/index.php?rest_route=\/wp\/v2\/posts\/9633\/revisions"}],"predecessor-version":[{"id":9635,"href":"https:\/\/zonaroja.com.mx\/index.php?rest_route=\/wp\/v2\/posts\/9633\/revisions\/9635"}],"wp:featuredmedia":[{"embeddable":true,"href":"https:\/\/zonaroja.com.mx\/index.php?rest_route=\/wp\/v2\/media\/9634"}],"wp:attachment":[{"href":"https:\/\/zonaroja.com.mx\/index.php?rest_route=%2Fwp%2Fv2%2Fmedia&parent=9633"}],"wp:term":[{"taxonomy":"category","embeddable":true,"href":"https:\/\/zonaroja.com.mx\/index.php?rest_route=%2Fwp%2Fv2%2Fcategories&post=9633"},{"taxonomy":"post_tag","embeddable":true,"href":"https:\/\/zonaroja.com.mx\/index.php?rest_route=%2Fwp%2Fv2%2Ftags&post=9633"}],"curies":[{"name":"wp","href":"https:\/\/api.w.org\/{rel}","templated":true}]}}