{"id":9636,"date":"2020-03-08T08:24:45","date_gmt":"2020-03-08T14:24:45","guid":{"rendered":"http:\/\/www.zonaroja.com.mx\/?p=9636"},"modified":"2020-03-08T08:24:48","modified_gmt":"2020-03-08T14:24:48","slug":"dios-me-dio-ese-don-en-realidad-no-me-lo-plantee-solo-lo-hice-gabriela","status":"publish","type":"post","link":"https:\/\/zonaroja.com.mx\/?p=9636","title":{"rendered":"\u201cDios me dio ese don, en realidad no me lo plantee; s\u00f3lo lo hice\u201d: Gabriela"},"content":{"rendered":"\n<p>Evlin\nArag\u00f3n\/Zona Roja.<\/p>\n\n\n\n<p>\u201cDios me\ndio ese don, en realidad no me lo plante\u00e9, solamente lo hice cuando vi que\nnadie tomaba las riendas para resolver solicitudes de personas que no tienen ya\nnada que perder en la vida y deciden mandar una carta a las autoridades\nestatales en b\u00fasqueda de apoyo\u201d.<\/p>\n\n\n\n<p>Son las\npalabras de Gabriela Cruz Guti\u00e9rrez, una ciudadana como cualquier otra que\ntrabaja en el Gobierno del Estado, pero que marca la diferencia: no conoce\nhorarios, no conoce distancias, no conoce diferencias sociales; s\u00f3lo conoce y\natiende necesidades.<\/p>\n\n\n\n<p>Desde el\ngobierno se dedica a gestionar apoyos a quienes menos tienen, sin ning\u00fan tipo\nde compromiso m\u00e1s que el de servir. Para ella se trata de un don que pone al\nservicio de qui\u00e9n lo necesite, aunque reconoce que no es tarea f\u00e1cil debido a\nla falta de recursos.<\/p>\n\n\n\n<p>Originaria\ndel municipio de Santo Domingo Chihuit\u00e1n, perteneciente a la regi\u00f3n del Istmo\nde Tehuantepec, Gabriela reconoce su vocaci\u00f3n de servicio y su compromiso para\nayudar a quien recurre a ella, ello pese a no contar con un puesto \u201cimportante\u201d\nen la administraci\u00f3n p\u00fablica, situaci\u00f3n que incluso agradece.<\/p>\n\n\n\n<p>\u201cYo me\ndedico a hacer gesti\u00f3n institucional, que no es otra cosa m\u00e1s que ir a pedir a\ndiversas dependencias apoyos para las personas enfermas que no tienen recursos\necon\u00f3micos y mucho menos alg\u00fan tipo de seguridad social\u201d, dice en entrevista.<\/p>\n\n\n\n<p>Pero su\nlabor es extraordinaria. Se empapa del caso; vive, lucha, llora, pide, suplica,\nexige, hasta lograr la atenci\u00f3n a un enfermo. Cuenta historias por cientos; de\nhombres y mujeres, que le agradecen d\u00eda con d\u00eda su salud, y a veces hasta la\nvida.<\/p>\n\n\n\n<p>Le bast\u00f3\nun primer acercamiento en el \u00e1rea de Atenci\u00f3n Ciudadana del Gobierno de\nOaxaca&nbsp; para darse cuenta de la amplia\nnecesidad de las personas, particularmente en materia de salud, que como \u00faltimo\nrecurso deciden pedir apoyo a las autoridades aunque no est\u00e1 garantizada la\nsoluci\u00f3n de su problema.<\/p>\n\n\n\n<p>\u201cHay una\nfalta de empat\u00eda en las \u00e1reas de gobierno que atienden a la ciudadan\u00eda, la cual\nlejos de desmotivarme me hizo entender que otra forma de acompa\u00f1ar a las\npersonas que m\u00e1s lo necesitan es posible, ello de la mano de mucho amor al\npr\u00f3jimo y compromiso m\u00e1s all\u00e1 de un sueldo oneroso\u201d, dice.<\/p>\n\n\n\n<p>Est\u00e1 consiente que la apat\u00eda del funcionariado p\u00fablico deja en el desamparo a mucha gente que de verdad necesita el apoyo, por eso es que Gabriela con sus propios recursos ha construido una red que le permite dar respuesta a solicitudes que llegan desde las comunidades m\u00e1s lejanas, escritas por personas que lo han intentado todo.<\/p>\n\n\n\n<figure class=\"wp-block-embed-twitter wp-block-embed is-type-rich is-provider-twitter\"><div class=\"wp-block-embed__wrapper\">\n<div class=\"twitter-tweet\"><blockquote class=\"twitter-tweet\" data-lang=\"es\"><p lang=\"es\" dir=\"ltr\"><a href=\"https:\/\/twitter.com\/hashtag\/MujeresConValor?src=hash&amp;ref_src=twsrc%5Etfw\">#MujeresConValor<\/a><a href=\"https:\/\/twitter.com\/hashtag\/D%C3%ADaInternacionalDeLaMujer?src=hash&amp;ref_src=twsrc%5Etfw\">#D\u00edaInternacionalDeLaMujer<\/a><br>\u00bfQui\u00e9n es <a href=\"https:\/\/twitter.com\/GabrielaCrG?ref_src=twsrc%5Etfw\">@GabrielaCrG<\/a>? \u00bfPor qu\u00e9 es una mujer destacada que reconocer\u00e1 el <a href=\"https:\/\/twitter.com\/GobOax?ref_src=twsrc%5Etfw\">@GobOax<\/a>? \u00bfQu\u00e9 hace de extraordinario? Lea ma\u00f1ana su historia. <a href=\"https:\/\/t.co\/myfbodiXQY\">pic.twitter.com\/myfbodiXQY<\/a><\/p>&mdash; Zona Roja Oaxaca (@MexRoja) <a href=\"https:\/\/twitter.com\/MexRoja\/status\/1236511529513689088?ref_src=twsrc%5Etfw\">8 de marzo de 2020<\/a><\/blockquote><\/div>\n<\/div><\/figure>\n\n\n\n<p>TRABAJO\nDE CORAZ\u00d3N<\/p>\n\n\n\n<p>\u201cEl\ncompromiso de atender a la gente no puede ser \u00fanicamente en horario de oficina\nporque la gente no se mueres s\u00f3lo en ese horario, la necesidad de las personas\npuede surgir en todo momento, los fines de semana, en un d\u00eda de festivo, y yo\nlo hago porque quiero y sin importar el horario\u201d, asegura.<\/p>\n\n\n\n<p>Ha\nperdido la cuenta de los casos acompa\u00f1ados, sin embargo, todos le han dejado\ngrandes satisfacciones debido a que se trata de personas con dificultades\necon\u00f3micas que le pagan con un profundo agradecimiento.<\/p>\n\n\n\n<p>Uno de\nlos m\u00e1s recientes en su memoria es el de Soledad, una joven originaria de San\nAgust\u00edn Yatareni, que entreg\u00f3 una solicitud al titular del Ejecutivo estatal,\nsin embargo, en diversas instancias se le neg\u00f3 el apoyo.<\/p>\n\n\n\n<p>Ante la\ninsistencia de la joven que padec\u00eda una afectaci\u00f3n en el coraz\u00f3n, Gabriela\ndecidi\u00f3 asumir el compromiso de apoyarla con el respaldo de varias dependencias\nque la ayudaron a conseguir el dinero para trasladarla a la Ciudad de M\u00e9xico en\ndonde se realizar\u00eda la operaci\u00f3n. <\/p>\n\n\n\n<p>\u201cPor poco y llegamos tarde, cuando le hable para decirle que lo hab\u00edamos logrado, ella ya estaba internada en el hospital debido a complicaciones por su padecimiento\u201d.\u00a0 <\/p>\n\n\n\n<figure class=\"wp-block-image\"><img decoding=\"async\" width=\"1024\" height=\"768\" src=\"http:\/\/www.zonaroja.com.mx\/wp-content\/uploads\/2020\/03\/Gabriela-Cruz-Guti\u00e9rrez-3-1024x768.jpg\" alt=\"\" class=\"wp-image-9638\" srcset=\"https:\/\/zonaroja.com.mx\/wp-content\/uploads\/2020\/03\/Gabriela-Cruz-Guti\u00e9rrez-3-1024x768.jpg 1024w, https:\/\/zonaroja.com.mx\/wp-content\/uploads\/2020\/03\/Gabriela-Cruz-Guti\u00e9rrez-3-300x225.jpg 300w, https:\/\/zonaroja.com.mx\/wp-content\/uploads\/2020\/03\/Gabriela-Cruz-Guti\u00e9rrez-3-768x576.jpg 768w, https:\/\/zonaroja.com.mx\/wp-content\/uploads\/2020\/03\/Gabriela-Cruz-Guti\u00e9rrez-3-1170x878.jpg 1170w, https:\/\/zonaroja.com.mx\/wp-content\/uploads\/2020\/03\/Gabriela-Cruz-Guti\u00e9rrez-3-1920x1440.jpg 1920w, https:\/\/zonaroja.com.mx\/wp-content\/uploads\/2020\/03\/Gabriela-Cruz-Guti\u00e9rrez-3-585x439.jpg 585w, https:\/\/zonaroja.com.mx\/wp-content\/uploads\/2020\/03\/Gabriela-Cruz-Guti\u00e9rrez-3.jpg 2016w\" sizes=\"(max-width: 1024px) 100vw, 1024px\" \/><\/figure>\n\n\n\n<p>Fue el\npadre de la joven quien se movi\u00f3, pese a las limitaciones econ\u00f3micas, para\nrecibir el recurso que le permiti\u00f3 a la joven tener una segunda oportunidad de\nvida ya que la operaci\u00f3n fue todo un \u00e9xito. Las palabras de Soledad, a\u00fan\nconmueven a Gabriela al punto de las l\u00e1grimas. \u201cEstoy viva, estoy aqu\u00ed y es\ngracias a usted\u201d, le dijo al tel\u00e9fono meses despu\u00e9s de haberla apoyado.<\/p>\n\n\n\n<p>Por esto\ny m\u00e1s, Gabriela ser\u00e1 reconocida como parte de la convocatoria \u201cGrandes mujeres,\ngrandes historias\u201d, que lleva a cabo la Secretar\u00eda de las Mujeres de Oaxaca, a\nla cual fue registrado por Miriam, una joven a quien previamente ayud\u00f3 d\u00e1ndole\ntrabajo y de quien se convirti\u00f3 en referente en cuanto a la labor social que\nrealiza, digna de admirarse y reconocerse.<\/p>\n\n\n\n<p>Hasta la\nfecha y aunque no est\u00e1 dentro de sus funciones, como ciudadana comprometida\ninvita al personal del gobierno del Estado a leer detenidamente las peticiones\nde las personas, pero a leerlas de verdad y no s\u00f3lo argumentar como siempre que\n\u201cno hay recurso\u201d, porque cuando las personas que menos tienen le escriben al\ngobernador o a cualquier otra autoridad es porque ya no tienen nada que perder.<\/p>\n\n\n\n<p>\u201cTengo alto un sentido del compromiso y responsabilidad, no tienes idea; hasta yo me desconozco. Es muy satisfactorio para m\u00ed hacer la diferencia en el funcionariado p\u00fablico mediante el acompa\u00f1amiento de las personas en su tr\u00e1nsito de dolor, su agradecimiento no tiene precio\u201d, concluye.\u00a0 <\/p>\n\n\n\n<figure class=\"wp-block-image\"><img decoding=\"async\" width=\"1024\" height=\"768\" src=\"http:\/\/www.zonaroja.com.mx\/wp-content\/uploads\/2020\/03\/Gabriela-Cruz-Guti\u00e9rrez-1-1024x768.jpg\" alt=\"\" class=\"wp-image-9639\" srcset=\"https:\/\/zonaroja.com.mx\/wp-content\/uploads\/2020\/03\/Gabriela-Cruz-Guti\u00e9rrez-1-1024x768.jpg 1024w, https:\/\/zonaroja.com.mx\/wp-content\/uploads\/2020\/03\/Gabriela-Cruz-Guti\u00e9rrez-1-300x225.jpg 300w, https:\/\/zonaroja.com.mx\/wp-content\/uploads\/2020\/03\/Gabriela-Cruz-Guti\u00e9rrez-1-768x576.jpg 768w, https:\/\/zonaroja.com.mx\/wp-content\/uploads\/2020\/03\/Gabriela-Cruz-Guti\u00e9rrez-1-1170x878.jpg 1170w, https:\/\/zonaroja.com.mx\/wp-content\/uploads\/2020\/03\/Gabriela-Cruz-Guti\u00e9rrez-1-585x439.jpg 585w, https:\/\/zonaroja.com.mx\/wp-content\/uploads\/2020\/03\/Gabriela-Cruz-Guti\u00e9rrez-1.jpg 1280w\" sizes=\"(max-width: 1024px) 100vw, 1024px\" \/><\/figure>\n","protected":false},"excerpt":{"rendered":"<p>Evlin Arag\u00f3n\/Zona Roja. \u201cDios me dio ese don, en realidad no me lo plante\u00e9, solamente&hellip;<\/p>\n","protected":false},"author":2,"featured_media":9637,"comment_status":"closed","ping_status":"open","sticky":false,"template":"","format":"standard","meta":{"_lmt_disableupdate":"","_lmt_disable":"","_jetpack_memberships_contains_paid_content":false,"footnotes":""},"categories":[109,46],"tags":[1481],"class_list":["post-9636","post","type-post","status-publish","format-standard","has-post-thumbnail","hentry","category-minuto-a-minuto","category-zona-blanca","tag-gabriela-cruz-gutierrez"],"jetpack_featured_media_url":"https:\/\/zonaroja.com.mx\/wp-content\/uploads\/2020\/03\/Gabriela-Cruz-Guti\u00e9rrez-2.jpg","jetpack_sharing_enabled":true,"_links":{"self":[{"href":"https:\/\/zonaroja.com.mx\/index.php?rest_route=\/wp\/v2\/posts\/9636","targetHints":{"allow":["GET"]}}],"collection":[{"href":"https:\/\/zonaroja.com.mx\/index.php?rest_route=\/wp\/v2\/posts"}],"about":[{"href":"https:\/\/zonaroja.com.mx\/index.php?rest_route=\/wp\/v2\/types\/post"}],"author":[{"embeddable":true,"href":"https:\/\/zonaroja.com.mx\/index.php?rest_route=\/wp\/v2\/users\/2"}],"replies":[{"embeddable":true,"href":"https:\/\/zonaroja.com.mx\/index.php?rest_route=%2Fwp%2Fv2%2Fcomments&post=9636"}],"version-history":[{"count":1,"href":"https:\/\/zonaroja.com.mx\/index.php?rest_route=\/wp\/v2\/posts\/9636\/revisions"}],"predecessor-version":[{"id":9640,"href":"https:\/\/zonaroja.com.mx\/index.php?rest_route=\/wp\/v2\/posts\/9636\/revisions\/9640"}],"wp:featuredmedia":[{"embeddable":true,"href":"https:\/\/zonaroja.com.mx\/index.php?rest_route=\/wp\/v2\/media\/9637"}],"wp:attachment":[{"href":"https:\/\/zonaroja.com.mx\/index.php?rest_route=%2Fwp%2Fv2%2Fmedia&parent=9636"}],"wp:term":[{"taxonomy":"category","embeddable":true,"href":"https:\/\/zonaroja.com.mx\/index.php?rest_route=%2Fwp%2Fv2%2Fcategories&post=9636"},{"taxonomy":"post_tag","embeddable":true,"href":"https:\/\/zonaroja.com.mx\/index.php?rest_route=%2Fwp%2Fv2%2Ftags&post=9636"}],"curies":[{"name":"wp","href":"https:\/\/api.w.org\/{rel}","templated":true}]}}