{"id":9645,"date":"2020-03-08T15:39:04","date_gmt":"2020-03-08T21:39:04","guid":{"rendered":"http:\/\/www.zonaroja.com.mx\/?p=9645"},"modified":"2020-03-08T15:39:08","modified_gmt":"2020-03-08T21:39:08","slug":"tiene-oaxaca-un-verdadero-congreso-de-la-igualdad-de-genero","status":"publish","type":"post","link":"https:\/\/zonaroja.com.mx\/?p=9645","title":{"rendered":"Tiene Oaxaca un verdadero Congreso de la igualdad de g\u00e9nero"},"content":{"rendered":"\n<p>Redacci\u00f3n\/Zona\nRoja. <\/p>\n\n\n\n<p>Oaxaca de\nJu\u00e1rez, Oax., 8 de marzo de 2020.- Con una Legislatura conformada por un mayor\nn\u00famero de mujeres, el Congreso del Estado ha realizado un trabajo incluyente,\ncon perspectiva de g\u00e9nero que ha trascendido en las iniciativas y reformas de\nley, plasmadas en el marco legal oaxaque\u00f1o, se inform\u00f3 en un comunicado.<\/p>\n\n\n\n<p>De\nacuerdo a un an\u00e1lisis del Centro de Estudios de las Mujeres y Paridad de G\u00e9nero\n(CEMPAG), la 64 Legislatura se ha empe\u00f1ado en que Oaxaca sea una entidad\nfederativa justa e igualitaria para las mujeres, propiciando presupuestos\nsensibles y desarrollando herramientas para identificar y disminuir las brechas\nde desigualdad estructural por razones de g\u00e9nero.<\/p>\n\n\n\n<p>El\nestudio detalla que, muestra de ello es que Oaxaca se transform\u00f3 en la d\u00e9cima\nentidad en tipificar como delito la violencia digital, y entre otras cosas, el\nsegundo en despenalizar el aborto hasta la semana 12 de gestaci\u00f3n.<\/p>\n\n\n\n<p>Solamente\ndurante el segundo periodo ordinario de sesiones del primer a\u00f1o de ejercicio\nLegal, comprendido del 1 de julio al 30 de septiembre del 2019, se registraron\n36 iniciativas, 17 proposiciones con punto de acuerdo y se aprobaron 12\ndict\u00e1menes relativos a reconocer, garantizar y hacer permanecer el respeto a\nlos derechos humanos de las personas y, de manera especial, los de las mujeres.<\/p>\n\n\n\n<p>Como\nejemplo, es que en la sesi\u00f3n ordinaria del 10 de julio del a\u00f1o pasado, en\nmateria de derechos pol\u00edticos, fue reformada la Constituci\u00f3n local en su\nart\u00edculo 113, para establecer que los municipios con comunidades ind\u00edgenas y\nafromexicanas, adem\u00e1s de integrar sus ayuntamientos con representantes de\n\u00e9stas, que ser\u00e1n electos de conformidad con sus sistemas normativos, procurar\u00e1n\nen todo momento la paridad y alternancia de g\u00e9nero.&nbsp; <\/p>\n\n\n\n<p>Posteriormente,\nel 11 de septiembre del 2019, el Congreso local aprob\u00f3 la modificaci\u00f3n al\nArt\u00edculo 43 de la Ley Org\u00e1nica Municipal del Estado para crear la Instancia\nMunicipal de la Mujer, que ser\u00e1 la dependencia encargada de implementar\npol\u00edticas, en ese nivel de gobierno, en materia de igualdad de derechos y obligaciones\nentre hombres y mujeres.<\/p>\n\n\n\n<p>Garantizar\nla permanencia de mujeres en puestos de tomas de decisiones, fue una respuesta\ndel Legislativo ante los constantes acontecimientos de violencia pol\u00edtica, que\nobligaban a mujeres a abandonar sus cargos, por ello, tambi\u00e9n se adicion\u00f3 el\nArt\u00edculo 86 Bis, para que en los casos de licencia, suspensi\u00f3n, revocaci\u00f3n,\nrenuncias, abandono del cargo y fallecimiento, trat\u00e1ndose de concejales\nmujeres, el Ayuntamiento en todos los casos garantizar\u00e1 que la sustituci\u00f3n sea del\nmismo g\u00e9nero.<\/p>\n\n\n\n<p>DERECHOS\nIND\u00cdGENA<\/p>\n\n\n\n<p>Para\nfortalecer los mecanismos de participaci\u00f3n pol\u00edtica de mujeres y hombres en\ncondiciones de igualdad, en sesi\u00f3n del 18 de septiembre del 2019, se\nmodificaron diversos art\u00edculos de la Constituci\u00f3n Pol\u00edtica del Estado Libre y\nSoberano de Oaxaca, observando el principio de paridad de g\u00e9nero, conforme a\nlas normas de la Constituci\u00f3n federal, en los sistemas normativos internos y\ncomunidades ind\u00edgenas y afromexicanas.<\/p>\n\n\n\n<p>Adem\u00e1s,\nde las acciones en materia de legislaci\u00f3n, reformas y exhortos, el Congreso de\nOaxaca ha mantenido un programa de trabajo activo con perspectiva de g\u00e9nero,\nmediante convocatorias, entrega de cartillas para prevenir la violencia\npol\u00edtica en contra de las mujeres, conferencias de prensa en temas como:\n\u00abAvances y retos de la declaratoria de alerta de violencia de g\u00e9nero\ncontra las mujeres en el estado de Oaxaca, a un a\u00f1o de su implementaci\u00f3n\u00bb,\nrealizada el 23 de septiembre.<\/p>\n\n\n\n<p>Tambi\u00e9n,\nse realizaron los foros \u201cInterrupci\u00f3n Legal del Embarazo\u201d y \u201cEl Aborto en la\nActualidad\u201d, los pasados d\u00edas 18 de septiembre y 26 de agosto del 2019,\nrespectivamente.<\/p>\n\n\n\n<p>En tanto,\nel CEMPAG, durante el Segundo Periodo Ordinario de sesiones del Primer A\u00f1o de Ejercicio\nlegal, abord\u00f3 en el programa radiof\u00f3nico \u00abEn Igualdad\u00bb, a trav\u00e9s del\n\u201cCanal del Congreso\u201d temas como: El derecho al acceso a la informaci\u00f3n p\u00fablica\ny el papel de las mujeres; La alerta sobre violencia de g\u00e9nero y la NOM 046;\nPerspectiva de g\u00e9nero en una sociedad de consumo; Progresividad de los derechos\nsexuales y reproductivos de las mujeres; mujeres que cuidan la historia; La\nestad\u00edstica como herramientas para generar pol\u00edticas p\u00fablicas con perspectivas\nde g\u00e9nero; y La mujer y el voto. Como parte de un trabajo de investigaci\u00f3n y\nan\u00e1lisis destinado a fortalecer la actividad de legisladoras y legisladores.<\/p>\n","protected":false},"excerpt":{"rendered":"<p>Redacci\u00f3n\/Zona Roja. Oaxaca de Ju\u00e1rez, Oax., 8 de marzo de 2020.- Con una Legislatura conformada&hellip;<\/p>\n","protected":false},"author":2,"featured_media":9646,"comment_status":"closed","ping_status":"open","sticky":false,"template":"","format":"standard","meta":{"_lmt_disableupdate":"","_lmt_disable":"","_jetpack_memberships_contains_paid_content":false,"footnotes":""},"categories":[109,46],"tags":[213],"class_list":["post-9645","post","type-post","status-publish","format-standard","has-post-thumbnail","hentry","category-minuto-a-minuto","category-zona-blanca","tag-64-legislatura-de-oaxaca"],"jetpack_featured_media_url":"https:\/\/zonaroja.com.mx\/wp-content\/uploads\/2020\/03\/DSC_4802.jpg","jetpack_sharing_enabled":true,"_links":{"self":[{"href":"https:\/\/zonaroja.com.mx\/index.php?rest_route=\/wp\/v2\/posts\/9645","targetHints":{"allow":["GET"]}}],"collection":[{"href":"https:\/\/zonaroja.com.mx\/index.php?rest_route=\/wp\/v2\/posts"}],"about":[{"href":"https:\/\/zonaroja.com.mx\/index.php?rest_route=\/wp\/v2\/types\/post"}],"author":[{"embeddable":true,"href":"https:\/\/zonaroja.com.mx\/index.php?rest_route=\/wp\/v2\/users\/2"}],"replies":[{"embeddable":true,"href":"https:\/\/zonaroja.com.mx\/index.php?rest_route=%2Fwp%2Fv2%2Fcomments&post=9645"}],"version-history":[{"count":1,"href":"https:\/\/zonaroja.com.mx\/index.php?rest_route=\/wp\/v2\/posts\/9645\/revisions"}],"predecessor-version":[{"id":9647,"href":"https:\/\/zonaroja.com.mx\/index.php?rest_route=\/wp\/v2\/posts\/9645\/revisions\/9647"}],"wp:featuredmedia":[{"embeddable":true,"href":"https:\/\/zonaroja.com.mx\/index.php?rest_route=\/wp\/v2\/media\/9646"}],"wp:attachment":[{"href":"https:\/\/zonaroja.com.mx\/index.php?rest_route=%2Fwp%2Fv2%2Fmedia&parent=9645"}],"wp:term":[{"taxonomy":"category","embeddable":true,"href":"https:\/\/zonaroja.com.mx\/index.php?rest_route=%2Fwp%2Fv2%2Fcategories&post=9645"},{"taxonomy":"post_tag","embeddable":true,"href":"https:\/\/zonaroja.com.mx\/index.php?rest_route=%2Fwp%2Fv2%2Ftags&post=9645"}],"curies":[{"name":"wp","href":"https:\/\/api.w.org\/{rel}","templated":true}]}}