{"id":9648,"date":"2020-03-08T18:51:52","date_gmt":"2020-03-09T00:51:52","guid":{"rendered":"http:\/\/www.zonaroja.com.mx\/?p=9648"},"modified":"2020-03-08T20:50:00","modified_gmt":"2020-03-09T02:50:00","slug":"ser-policia-era-mi-destino-silvia-mujer-de-fuerzas-especiales","status":"publish","type":"post","link":"https:\/\/zonaroja.com.mx\/?p=9648","title":{"rendered":"Ser polic\u00eda era mi destino: Silvia, mujer de Fuerzas Especiales"},"content":{"rendered":"\n<p>Yuridiana Sosa\/Zona Roja.<\/p>\n\n\n\n<p>Oaxaca de\nJu\u00e1rez, Oax., 8 de marzo de 2020.- Portar el uniforme, su arma y recorrer las\ncalles a bordo de una patrulla, es la vida para Silvia Mendoza.<\/p>\n\n\n\n<p>Ella es tambi\u00e9n\nla \u00fanica mujer integrante del cuerpo operativo de la Unidad Policial de\nOperaciones Especiales (UPOE), de la Secretar\u00eda de Seguridad P\u00fablica de Oaxaca.<\/p>\n\n\n\n<p>La\nPolic\u00eda Tercero, de 49 a\u00f1os de edad, inicia el d\u00eda a bordo de una patrulla de\nla Polic\u00eda Estatal, como parte de un recorrido de vigilancia; tras varias horas\nde tensi\u00f3n, de alerta, de peligros, un ba\u00f1o y un desayuno caliente la reaniman\npara seguir su rutina.<\/p>\n\n\n\n<p>En su\nardua labor, el D\u00eda Internacional de la Mujer no representa una diferencia en\nsus actividades respecto a otros d\u00edas, pero sin duda, su trabajo en la\ncorporaci\u00f3n s\u00ed ha marcado la diferencia por 16 a\u00f1os en el grupo de reacci\u00f3n\nespecial.<\/p>\n\n\n\n<p>\u201cChivis\u201d,\ncomo todos le dicen, tiene voz de mando en un mundo dominado por hombres. Su\ndedicaci\u00f3n le ha valido el respeto y reconocimiento de m\u00e1s de 100 integrantes\nde la UPOE.<\/p>\n\n\n\n<p>De acuerdo\ncon la Secretar\u00eda de Seguridad P\u00fablica de Oaxaca, cuenta con una plantilla de\nocho mil 697 elementos activos, de los que dos mil 97 son mujeres; es decir, el\n24 por ciento.<\/p>\n\n\n\n<p>En el caso espec\u00edfico de la Polic\u00eda Estatal, de los tres mil 38 polic\u00edas, 633 son mujeres y dos mil 404 son hombres.<\/p>\n\n\n\n<figure class=\"wp-block-image\"><img decoding=\"async\" width=\"768\" height=\"1024\" src=\"http:\/\/www.zonaroja.com.mx\/wp-content\/uploads\/2020\/03\/PHOTO-2020-03-07-15-30-27-768x1024.jpg\" alt=\"\" class=\"wp-image-9651\" srcset=\"https:\/\/zonaroja.com.mx\/wp-content\/uploads\/2020\/03\/PHOTO-2020-03-07-15-30-27-768x1024.jpg 768w, https:\/\/zonaroja.com.mx\/wp-content\/uploads\/2020\/03\/PHOTO-2020-03-07-15-30-27-225x300.jpg 225w, https:\/\/zonaroja.com.mx\/wp-content\/uploads\/2020\/03\/PHOTO-2020-03-07-15-30-27-585x780.jpg 585w, https:\/\/zonaroja.com.mx\/wp-content\/uploads\/2020\/03\/PHOTO-2020-03-07-15-30-27.jpg 960w\" sizes=\"(max-width: 768px) 100vw, 768px\" \/><\/figure>\n\n\n\n<p>DE LA\nCOCINA A FUERZAS ESPECIALES<\/p>\n\n\n\n<p>Silvia\nMendoza Melchor se integr\u00f3 a la Polic\u00eda Estatal hace 19 a\u00f1os como cocinera de\nla corporaci\u00f3n en Tlacolula de Matamoros, en la regi\u00f3n de los Valles Centrales.\nFue por necesidad, afirma.<\/p>\n\n\n\n<p>Cocinar\nera una labor diaria que desarrollaba en casa, pero al quedar con toda la\nresponsabilidad de mantener a sus tres hijas no dud\u00f3 en aceptar la oportunidad\ndentro en la instituci\u00f3n.<\/p>\n\n\n\n<p>Tres a\u00f1os\ndespu\u00e9s surgi\u00f3 la oportunidad de integrarse a la UPOE. Tampoco lo dud\u00f3, pues\nera un ingreso mayor y lo necesitaba.<\/p>\n\n\n\n<p>Con los\nojos llenos de recuerdos, la polic\u00eda afirma que es un entrenamiento dif\u00edcil del\nque m\u00e1s de la mitad de los aspirantes deserta.<\/p>\n\n\n\n<p>Ella y\notra compa\u00f1era, que actualmente cubre otras actividades, llegaron al final,\nmientras que al menos unas tres mujeres m\u00e1s y otros 50 varones dejaron el\nadiestramiento.<\/p>\n\n\n\n<p>Continuar\nera su \u00fanica opci\u00f3n frente a la responsabilidad familiar que ten\u00eda. Recuerda\nque cada d\u00eda se repet\u00eda \u201c\u00a1S\u00ed puedo!\u201d y se fortalec\u00eda cuando escuchaba de sus\ncompa\u00f1eros: \u201cConf\u00edo en ti\u201d.<\/p>\n\n\n\n<p>Fue el apoyo de sus compa\u00f1eros por lo que Silvia cree en la igualdad de g\u00e9nero, pues en un espacio donde los hombres son mayor\u00eda fue reconfortante recibir el aliento de ellos ante los momentos dif\u00edciles en el entrenamiento.<\/p>\n\n\n\n<p>Tras 16\na\u00f1os, la mujer de 1.57 metros de altura no se arrepiente de aquella decisi\u00f3n.\nTiene la camiseta bien puesta, como el arma que desde aquella fecha lleva\nconsigo, siempre lista para un llamado de emergencia.<\/p>\n\n\n\n<p>NADIE LA\nDETIENE<\/p>\n\n\n\n<p>\u201cSi un d\u00eda\nmuero en un operativo, es porque as\u00ed era mi destino\u201d, afirma la valiente mujer,\nquien no se acobarda ante ning\u00fan operativo, en la zona que sea. Ayudar a la\npoblaci\u00f3n y a sus compa\u00f1eros la impulsan a salir a las calles.<\/p>\n\n\n\n<p>Ese\ndestino no lo comparte su familia. Su madre y sus hijas le llaman a dejar la\ncorporaci\u00f3n, pero ella no se siente lista para dejar sus labores.<\/p>\n\n\n\n<p>\u201cChivis\u201d\nreconoce que su permanencia en la Polic\u00eda Estatal ahora es m\u00e1s por el amor al\nuniforme, a la instituci\u00f3n por la oportunidad de ofrecerle comida y estudios a\nsus hijas a trav\u00e9s de sus servicios.<\/p>\n\n\n\n<p>Durante su ni\u00f1ez y adolescencia Silvia se dedic\u00f3 a la venta de frutas en las plazas populares de los diferentes municipios de los Valles Centrales; nunca imagino ser polic\u00eda, pero ahora cree que este era su destino.<\/p>\n\n\n\n<figure class=\"wp-block-image\"><img decoding=\"async\" width=\"1024\" height=\"768\" src=\"http:\/\/www.zonaroja.com.mx\/wp-content\/uploads\/2020\/03\/PHOTO-2020-03-07-15-30-26-1024x768.jpg\" alt=\"\" class=\"wp-image-9650\" srcset=\"https:\/\/zonaroja.com.mx\/wp-content\/uploads\/2020\/03\/PHOTO-2020-03-07-15-30-26-1024x768.jpg 1024w, https:\/\/zonaroja.com.mx\/wp-content\/uploads\/2020\/03\/PHOTO-2020-03-07-15-30-26-300x225.jpg 300w, https:\/\/zonaroja.com.mx\/wp-content\/uploads\/2020\/03\/PHOTO-2020-03-07-15-30-26-768x576.jpg 768w, https:\/\/zonaroja.com.mx\/wp-content\/uploads\/2020\/03\/PHOTO-2020-03-07-15-30-26-1170x878.jpg 1170w, https:\/\/zonaroja.com.mx\/wp-content\/uploads\/2020\/03\/PHOTO-2020-03-07-15-30-26-585x439.jpg 585w, https:\/\/zonaroja.com.mx\/wp-content\/uploads\/2020\/03\/PHOTO-2020-03-07-15-30-26.jpg 1280w\" sizes=\"(max-width: 1024px) 100vw, 1024px\" \/><\/figure>\n","protected":false},"excerpt":{"rendered":"<p>Yuridiana Sosa\/Zona Roja. Oaxaca de Ju\u00e1rez, Oax., 8 de marzo de 2020.- Portar el uniforme,&hellip;<\/p>\n","protected":false},"author":2,"featured_media":9649,"comment_status":"closed","ping_status":"open","sticky":false,"template":"","format":"standard","meta":{"_lmt_disableupdate":"","_lmt_disable":"","_jetpack_memberships_contains_paid_content":false,"footnotes":""},"categories":[109,46],"tags":[1482],"class_list":["post-9648","post","type-post","status-publish","format-standard","has-post-thumbnail","hentry","category-minuto-a-minuto","category-zona-blanca","tag-silvia-mendoza-upoe"],"jetpack_featured_media_url":"https:\/\/zonaroja.com.mx\/wp-content\/uploads\/2020\/03\/PHOTO-2020-03-07-15-30-25.jpg","jetpack_sharing_enabled":true,"_links":{"self":[{"href":"https:\/\/zonaroja.com.mx\/index.php?rest_route=\/wp\/v2\/posts\/9648","targetHints":{"allow":["GET"]}}],"collection":[{"href":"https:\/\/zonaroja.com.mx\/index.php?rest_route=\/wp\/v2\/posts"}],"about":[{"href":"https:\/\/zonaroja.com.mx\/index.php?rest_route=\/wp\/v2\/types\/post"}],"author":[{"embeddable":true,"href":"https:\/\/zonaroja.com.mx\/index.php?rest_route=\/wp\/v2\/users\/2"}],"replies":[{"embeddable":true,"href":"https:\/\/zonaroja.com.mx\/index.php?rest_route=%2Fwp%2Fv2%2Fcomments&post=9648"}],"version-history":[{"count":2,"href":"https:\/\/zonaroja.com.mx\/index.php?rest_route=\/wp\/v2\/posts\/9648\/revisions"}],"predecessor-version":[{"id":9660,"href":"https:\/\/zonaroja.com.mx\/index.php?rest_route=\/wp\/v2\/posts\/9648\/revisions\/9660"}],"wp:featuredmedia":[{"embeddable":true,"href":"https:\/\/zonaroja.com.mx\/index.php?rest_route=\/wp\/v2\/media\/9649"}],"wp:attachment":[{"href":"https:\/\/zonaroja.com.mx\/index.php?rest_route=%2Fwp%2Fv2%2Fmedia&parent=9648"}],"wp:term":[{"taxonomy":"category","embeddable":true,"href":"https:\/\/zonaroja.com.mx\/index.php?rest_route=%2Fwp%2Fv2%2Fcategories&post=9648"},{"taxonomy":"post_tag","embeddable":true,"href":"https:\/\/zonaroja.com.mx\/index.php?rest_route=%2Fwp%2Fv2%2Ftags&post=9648"}],"curies":[{"name":"wp","href":"https:\/\/api.w.org\/{rel}","templated":true}]}}