{"id":9661,"date":"2020-03-09T07:35:54","date_gmt":"2020-03-09T13:35:54","guid":{"rendered":"http:\/\/www.zonaroja.com.mx\/?p=9661"},"modified":"2020-03-09T07:36:48","modified_gmt":"2020-03-09T13:36:48","slug":"rescatan-a-cantante-argentina-secuestrada-en-oaxaca","status":"publish","type":"post","link":"https:\/\/zonaroja.com.mx\/?p=9661","title":{"rendered":"Rescatan a cantante argentina secuestrada en Oaxaca"},"content":{"rendered":"\n<p>Ismael Garc\u00eda\nM.\/Zona Roja.<\/p>\n\n\n\n<p>Oaxaca de\nJu\u00e1rez, Oax., 9 de marzo de 2020.- En v\u00edsperas del D\u00eda Internacional de la\nMujer, una ciudadana argentina fue secuestrada en la capital de Oaxaca y\nrescatada posteriormente tras pedir auxilio a trav\u00e9s de las redes sociales.<\/p>\n\n\n\n<p>De\nacuerdo con un video de m\u00e1s de 10 minutos que public\u00f3 en Instagram y Facebook,\nse trata de una mujer identificada en su perfil de Facebook como L\u00faa C., quien\nasegura fue plagiada la madrugada del s\u00e1bado.<\/p>\n\n\n\n<p>\u201cHoy 8 de\nmarzo, puedo decir GRACIAS porque estoy viva, porque no callaron mi voz ni mis\nganas de vivir y seguir haciendo lo que amo\u201d, difundi\u00f3 ayer la cantante\nargentina.<\/p>\n\n\n\n<p>Presuntamente\nfue plagiada en una vivienda del Infonavit Primero de Mayo de la ciudad de\nOaxaca y rescatada por elementos policiacos la ma\u00f1ana del s\u00e1bado, adem\u00e1s de\ndetener al presunto responsable.<\/p>\n\n\n\n<p>En Facebook,\nla mujer originaria de Argentina dijo que la movilizaci\u00f3n de sus amigos origin\u00f3\nque fuera localizada por la polic\u00eda en las primeras 24 horas que fueron\nvitales.<\/p>\n\n\n\n<p>\u201cMovieron\ncielo y tierra para conseguir los n\u00fameros de las personas correspondientes que\nlograron dar el paradero de mi captor y los servicios especiales me rescataran\nentera. (Movieron M\u00e9xico desde Argentina)\u201d.<\/p>\n\n\n\n<p>\u201cMam\u00e1 te\namo! \u00a1Pap\u00e1 te amo! \u00a1Hermanos m\u00edos los amo!\u201d, escribi\u00f3 y pidi\u00f3 que cuiden a su\nfamilia.<\/p>\n\n\n\n<p>La\nmadrugada del s\u00e1bado, la cantante fue llevada a un domicilio ubicado en el\nInfonavit Primero de Mayo, donde Luis G., supuestamente lo tuvo privada de su\nlibertad.<\/p>\n\n\n\n<p>La mujer logr\u00f3 alertar a sus amigas y quienes movilizaron a la polic\u00eda para rescatarla adem\u00e1s de haber fue detenido al probable secuestrador, quien se encuentra a disposici\u00f3n del agente del Ministerio P\u00fablico de la Fiscal\u00eda General del Estado.<\/p>\n\n\n\n<figure class=\"wp-block-embed\"><div class=\"wp-block-embed__wrapper\">\nhttps:\/\/m.facebook.com\/story.php?story_fbid=10221652949893355&#038;id=1242446199\n<\/div><\/figure>\n","protected":false},"excerpt":{"rendered":"<p>Ismael Garc\u00eda M.\/Zona Roja. Oaxaca de Ju\u00e1rez, Oax., 9 de marzo de 2020.- En v\u00edsperas&hellip;<\/p>\n","protected":false},"author":2,"featured_media":9662,"comment_status":"closed","ping_status":"open","sticky":false,"template":"","format":"standard","meta":{"_lmt_disableupdate":"","_lmt_disable":"","_jetpack_memberships_contains_paid_content":false,"footnotes":""},"categories":[109,51],"tags":[1484],"class_list":["post-9661","post","type-post","status-publish","format-standard","has-post-thumbnail","hentry","category-minuto-a-minuto","category-zona-roja","tag-secuestran-a-argentina-en-oaxaca"],"jetpack_featured_media_url":"https:\/\/zonaroja.com.mx\/wp-content\/uploads\/2020\/03\/secuestrada-argentina.jpg","jetpack_sharing_enabled":true,"_links":{"self":[{"href":"https:\/\/zonaroja.com.mx\/index.php?rest_route=\/wp\/v2\/posts\/9661","targetHints":{"allow":["GET"]}}],"collection":[{"href":"https:\/\/zonaroja.com.mx\/index.php?rest_route=\/wp\/v2\/posts"}],"about":[{"href":"https:\/\/zonaroja.com.mx\/index.php?rest_route=\/wp\/v2\/types\/post"}],"author":[{"embeddable":true,"href":"https:\/\/zonaroja.com.mx\/index.php?rest_route=\/wp\/v2\/users\/2"}],"replies":[{"embeddable":true,"href":"https:\/\/zonaroja.com.mx\/index.php?rest_route=%2Fwp%2Fv2%2Fcomments&post=9661"}],"version-history":[{"count":2,"href":"https:\/\/zonaroja.com.mx\/index.php?rest_route=\/wp\/v2\/posts\/9661\/revisions"}],"predecessor-version":[{"id":9664,"href":"https:\/\/zonaroja.com.mx\/index.php?rest_route=\/wp\/v2\/posts\/9661\/revisions\/9664"}],"wp:featuredmedia":[{"embeddable":true,"href":"https:\/\/zonaroja.com.mx\/index.php?rest_route=\/wp\/v2\/media\/9662"}],"wp:attachment":[{"href":"https:\/\/zonaroja.com.mx\/index.php?rest_route=%2Fwp%2Fv2%2Fmedia&parent=9661"}],"wp:term":[{"taxonomy":"category","embeddable":true,"href":"https:\/\/zonaroja.com.mx\/index.php?rest_route=%2Fwp%2Fv2%2Fcategories&post=9661"},{"taxonomy":"post_tag","embeddable":true,"href":"https:\/\/zonaroja.com.mx\/index.php?rest_route=%2Fwp%2Fv2%2Ftags&post=9661"}],"curies":[{"name":"wp","href":"https:\/\/api.w.org\/{rel}","templated":true}]}}