{"id":9677,"date":"2020-03-09T18:27:21","date_gmt":"2020-03-10T00:27:21","guid":{"rendered":"http:\/\/www.zonaroja.com.mx\/?p=9677"},"modified":"2020-03-09T18:27:23","modified_gmt":"2020-03-10T00:27:23","slug":"coronavirus-cuarentena-en-italia-amenaza-de-pandemia-oms","status":"publish","type":"post","link":"https:\/\/zonaroja.com.mx\/?p=9677","title":{"rendered":"Coronavirus: cuarentena en Italia; amenaza de pandemia: OMS"},"content":{"rendered":"\n<p>Redacci\u00f3n\/Zona\nRoja<\/p>\n\n\n\n<p>Ciudad de\nM\u00e9xico, 9 de marzo de 2020.- Mientras el gobierno de Italia decret\u00f3 cuarentena\ngeneralizada en ese pa\u00eds, la Organizaci\u00f3n Mundial de la Salud (OMS) advirti\u00f3\nque el coronavirus es una real amenaza de pandemia en todo el orbe.<\/p>\n\n\n\n<p>De\nacuerdo con agencias informativas internacionales, los movimientos en toda\nItalia estar\u00e1n fuertemente restringidos en una nueva y dram\u00e1tica medida\ndestinada a detener la propagaci\u00f3n del coronavirus, dijo el primer ministro\nGiuseppe Conte.<\/p>\n\n\n\n<p>Expuso a los\nperiodistas que las medidas introducidas hace solo dos d\u00edas en gran parte del\nnorte del pa\u00eds ya no eran suficientes y que tendr\u00edan que extenderse a toda\nItalia a partir de ma\u00f1ana.<\/p>\n\n\n\n<p>Por su\nparte,la OMS declar\u00f3 este lunes que el riesgo de una pandemia de Covid-19 es\nlatente, debido a la r\u00e1pida propagaci\u00f3n del virus alrededor del mundo.<\/p>\n\n\n\n<p>\u201cAhora que\nel coronavirus se encuentra en tantos pa\u00edses, la amenaza de una pandemia se ha\nvuelto muy real\u201d, indic\u00f3 el director general de la organizaci\u00f3n, Tedros Adhanom\nGhebreyesus.<\/p>\n\n\n\n<p>En rueda\nde prensa, agreg\u00f3 que el coronavirus ser\u00eda la primera pandemia en la historia\nque podr\u00eda ser controlada.<\/p>\n\n\n\n<p>Desde el\nbrote del coronavirus en Wuhan, China, en diciembre del 2019, el virus se ha\npropagado en m\u00e1s de 95 pa\u00edses; los m\u00e1s afectados son China, Corea del Sur,\nItalia e Ir\u00e1n.<\/p>\n","protected":false},"excerpt":{"rendered":"<p>Redacci\u00f3n\/Zona Roja Ciudad de M\u00e9xico, 9 de marzo de 2020.- Mientras el gobierno de Italia&hellip;<\/p>\n","protected":false},"author":2,"featured_media":9678,"comment_status":"closed","ping_status":"open","sticky":false,"template":"","format":"standard","meta":{"_lmt_disableupdate":"","_lmt_disable":"","_jetpack_memberships_contains_paid_content":false,"footnotes":""},"categories":[109,47],"tags":[1307],"class_list":["post-9677","post","type-post","status-publish","format-standard","has-post-thumbnail","hentry","category-minuto-a-minuto","category-zona-gris","tag-coronavirus-china"],"jetpack_featured_media_url":"https:\/\/zonaroja.com.mx\/wp-content\/uploads\/2020\/03\/Coronavirus-Italia.jpg","jetpack_sharing_enabled":true,"_links":{"self":[{"href":"https:\/\/zonaroja.com.mx\/index.php?rest_route=\/wp\/v2\/posts\/9677","targetHints":{"allow":["GET"]}}],"collection":[{"href":"https:\/\/zonaroja.com.mx\/index.php?rest_route=\/wp\/v2\/posts"}],"about":[{"href":"https:\/\/zonaroja.com.mx\/index.php?rest_route=\/wp\/v2\/types\/post"}],"author":[{"embeddable":true,"href":"https:\/\/zonaroja.com.mx\/index.php?rest_route=\/wp\/v2\/users\/2"}],"replies":[{"embeddable":true,"href":"https:\/\/zonaroja.com.mx\/index.php?rest_route=%2Fwp%2Fv2%2Fcomments&post=9677"}],"version-history":[{"count":1,"href":"https:\/\/zonaroja.com.mx\/index.php?rest_route=\/wp\/v2\/posts\/9677\/revisions"}],"predecessor-version":[{"id":9679,"href":"https:\/\/zonaroja.com.mx\/index.php?rest_route=\/wp\/v2\/posts\/9677\/revisions\/9679"}],"wp:featuredmedia":[{"embeddable":true,"href":"https:\/\/zonaroja.com.mx\/index.php?rest_route=\/wp\/v2\/media\/9678"}],"wp:attachment":[{"href":"https:\/\/zonaroja.com.mx\/index.php?rest_route=%2Fwp%2Fv2%2Fmedia&parent=9677"}],"wp:term":[{"taxonomy":"category","embeddable":true,"href":"https:\/\/zonaroja.com.mx\/index.php?rest_route=%2Fwp%2Fv2%2Fcategories&post=9677"},{"taxonomy":"post_tag","embeddable":true,"href":"https:\/\/zonaroja.com.mx\/index.php?rest_route=%2Fwp%2Fv2%2Ftags&post=9677"}],"curies":[{"name":"wp","href":"https:\/\/api.w.org\/{rel}","templated":true}]}}