{"id":9698,"date":"2020-03-10T14:13:04","date_gmt":"2020-03-10T20:13:04","guid":{"rendered":"https:\/\/www.zonaroja.com.mx\/?p=9698"},"modified":"2020-03-10T14:13:08","modified_gmt":"2020-03-10T20:13:08","slug":"denuncian-negligencia-por-muerte-de-nina-de-2-anos-en-hospital-de-huatulco","status":"publish","type":"post","link":"https:\/\/zonaroja.com.mx\/?p=9698","title":{"rendered":"Denuncian negligencia por muerte de ni\u00f1a de 2 a\u00f1os en hospital de Huatulco"},"content":{"rendered":"\n<p class=\"MsoNormal\">Yuridiana Sosa\/Zona Roja.<\/p>\n\n\n\n<p class=\"MsoNormal\">Oaxaca de Ju\u00e1rez, Oax., 10 de marzo de 2020.- Una ni\u00f1a de dos a\u00f1os de edad muri\u00f3 en el Hospital B\u00e1sico Comunitario en Santa Mar\u00eda Huatulco, por falta de atenci\u00f3n m\u00e9dica adecuada y por la carencia de medicinas, denunci\u00f3 Crescencia Boh\u00f3rquez, madre de la menor fallecida.<\/p>\n\n\n\n<p class=\"MsoNormal\">La mam\u00e1 explic\u00f3, a trav\u00e9s de una denuncia con medios locales de la regi\u00f3n Costa, que su hija s\u00f3lo presentaba un cuadro de tos con flemas, que se agrav\u00f3 con una fiebre, por lo que la llevaron al hospital, perteneciente a los Servicios de Salud de Oaxaca (SSO), donde tampoco les indicaron las causas precisas del estado de salud de su beb\u00e9.<\/p>\n\n\n\n<p class=\"MsoNormal\">La peque\u00f1a de dos a\u00f1os y tres meses de edad no padec\u00eda de ninguna otra enfermedad y horas antes de su muerte jugaba y corr\u00eda en el patio de su vivienda, sin presentar signos alarmantes de alguna otra enfermedad.&nbsp;<\/p>\n\n\n\n<p class=\"MsoNormal\">Por la noche de este s\u00e1bado, la ni\u00f1a present\u00f3 fiebre, pero tardaron hasta tres horas en pasarla a consulta en el \u00e1rea de urgencia, donde solo le dieron recomendaciones y dieron de alta.&nbsp;<\/p>\n\n\n\n<p class=\"MsoNormal\">Durante la ma\u00f1ana de domingo, la familia regres\u00f3 por que la ni\u00f1a hab\u00eda agravado en su estado de salud. Esta vez la recibieron a la brevedad, pero minutos despu\u00e9s, los m\u00e9dicos le informaron que la ni\u00f1a hab\u00eda fallecido.&nbsp;<\/p>\n\n\n\n<p class=\"MsoNormal\">La familia de la peque\u00f1a asegura que si la menor hubiera recibido atenci\u00f3n inmediata desde la primera vez que asisti\u00f3 a consulta, seguir\u00eda con vida. Adem\u00e1s, estaban dispuestos a comprar alg\u00fan medicamento para su mejor\u00eda, de no tenerlo disponible en el nosocomio, pero nunca recibieron ninguna indicaci\u00f3n.<\/p>\n\n\n\n<p class=\"MsoNormal\">La se\u00f1ora Crescencia Boh\u00f3rquez exigi\u00f3 justicia para su beb\u00e9. A las autoridades estatales demand\u00f3 una investigaci\u00f3n contra los responsables de la negligencia y a las autoridades federales pidi\u00f3 abasto de medicamentos para todos los hospitales de la entidad.<\/p>\n","protected":false},"excerpt":{"rendered":"<p>Yuridiana Sosa\/Zona Roja. Oaxaca de Ju\u00e1rez, Oax., 10 de marzo de 2020.- Una ni\u00f1a de&hellip;<\/p>\n","protected":false},"author":2,"featured_media":9697,"comment_status":"closed","ping_status":"open","sticky":false,"template":"","format":"standard","meta":{"_lmt_disableupdate":"","_lmt_disable":"","_jetpack_memberships_contains_paid_content":false,"footnotes":""},"categories":[109,47],"tags":[],"class_list":["post-9698","post","type-post","status-publish","format-standard","has-post-thumbnail","hentry","category-minuto-a-minuto","category-zona-gris"],"jetpack_featured_media_url":"https:\/\/zonaroja.com.mx\/wp-content\/uploads\/2020\/03\/img_7441.jpg","jetpack_sharing_enabled":true,"_links":{"self":[{"href":"https:\/\/zonaroja.com.mx\/index.php?rest_route=\/wp\/v2\/posts\/9698","targetHints":{"allow":["GET"]}}],"collection":[{"href":"https:\/\/zonaroja.com.mx\/index.php?rest_route=\/wp\/v2\/posts"}],"about":[{"href":"https:\/\/zonaroja.com.mx\/index.php?rest_route=\/wp\/v2\/types\/post"}],"author":[{"embeddable":true,"href":"https:\/\/zonaroja.com.mx\/index.php?rest_route=\/wp\/v2\/users\/2"}],"replies":[{"embeddable":true,"href":"https:\/\/zonaroja.com.mx\/index.php?rest_route=%2Fwp%2Fv2%2Fcomments&post=9698"}],"version-history":[{"count":1,"href":"https:\/\/zonaroja.com.mx\/index.php?rest_route=\/wp\/v2\/posts\/9698\/revisions"}],"predecessor-version":[{"id":9699,"href":"https:\/\/zonaroja.com.mx\/index.php?rest_route=\/wp\/v2\/posts\/9698\/revisions\/9699"}],"wp:featuredmedia":[{"embeddable":true,"href":"https:\/\/zonaroja.com.mx\/index.php?rest_route=\/wp\/v2\/media\/9697"}],"wp:attachment":[{"href":"https:\/\/zonaroja.com.mx\/index.php?rest_route=%2Fwp%2Fv2%2Fmedia&parent=9698"}],"wp:term":[{"taxonomy":"category","embeddable":true,"href":"https:\/\/zonaroja.com.mx\/index.php?rest_route=%2Fwp%2Fv2%2Fcategories&post=9698"},{"taxonomy":"post_tag","embeddable":true,"href":"https:\/\/zonaroja.com.mx\/index.php?rest_route=%2Fwp%2Fv2%2Ftags&post=9698"}],"curies":[{"name":"wp","href":"https:\/\/api.w.org\/{rel}","templated":true}]}}