{"id":9701,"date":"2020-03-10T16:34:22","date_gmt":"2020-03-10T22:34:22","guid":{"rendered":"https:\/\/www.zonaroja.com.mx\/?p=9701"},"modified":"2020-03-10T16:35:19","modified_gmt":"2020-03-10T22:35:19","slug":"crisis-en-el-cobao-ahora-violencia-en-ciudad-ixtepec-paran-labores-en-putla","status":"publish","type":"post","link":"https:\/\/zonaroja.com.mx\/?p=9701","title":{"rendered":"Crisis en el Cobao: ahora violencia en Ciudad Ixtepec; paran labores en Putla"},"content":{"rendered":"\n<p>Evlin Aragon\/Zona Roja. <br><\/p>\n\n\n\n<p>Oaxaca de Ju\u00e1rez, Oax., 10 de marzo de 2020.- Las recientes denuncias de acoso y hostigamiento sexual realizadas por estudiantes del Colegio de Bachilleres de Oaxaca (Cobao), y la respuesta de las autoridades al respecto, han derivado en violencia digital en contra de una mujer en el municipio de Ciudad Ixtepec, perteneciente a la regi\u00f3n del Istmo de Tehuantepec. <br><\/p>\n\n\n\n<p>As\u00ed lo refiere a trav\u00e9s de las redes sociales Laura P\u00e9rez Castillo, cuya conexi\u00f3n con la instituci\u00f3n educativa es que su esposo, Jorge Adan P\u00e9rez Ben\u00edtez, es director del plantel 56 y quien recientemente separ\u00f3 del cargo a Francisco H. T., acusado de acoso en perjuicio de la comunidad estudiantil. <br><\/p>\n\n\n\n<p>De acuerdo con la publicaci\u00f3n, a partir de <a href=\"\/\/0\">este martes<\/a> iniciar\u00e1n un procedimiento legal en contra del se\u00f1alado, pidiendo que se aplique la \u201cLey Olimpia\u201d, ya que se han difundido videos e im\u00e1genes que pretenden vulnerar su dignidad como mujer, derivado de las acciones que realiz\u00f3 su esposo para afrontar la corrupci\u00f3n y el acoso escolar a las alumnas.<br><\/p>\n\n\n\n<p>\u201cEl d\u00eda de ma\u00f1ana estaremos en la Fiscalia General del Estado de Oaxaca ejerciendo acci\u00f3n penal contra el C. Francisco H. T., pidiendo se aplique la \u2018Ley Olimpia\u2019 por vulnerarme en mi dignidad como mujer a trav\u00e9s de subir videos a las redes sociales, as\u00ed mismo con mi esposo iniciaremos un procedimiento penal\u201d, refiere.<br><\/p>\n\n\n\n<p>De acuerdo con el testimonio de Laura P\u00e9rez Castillo y su esposo Jorge P\u00e9rez Benitez, a trav\u00e9s de las redes sociales se est\u00e1 difundiendo un video por medio del cual tratan de hacer creer a la poblaci\u00f3n que el director del plantel sostiene una relaci\u00f3n afectiva con una estudiante, sin embargo, el video corresponde a un momento \u00edntimo entre la pareja que tiene en com\u00fan un hijo y que han tenido que difundir im\u00e1genes de su familia para comprobar que se trata de una difamaci\u00f3n.<br><\/p>\n\n\n\n<p>\u201cA trav\u00e9s de este medio queremos hacer de su conocimiento que derivado de las acciones que emprendi\u00f3 mi esposo Jorge Ad\u00e1n P\u00e9rez Benitez respecto a una persona que acosaba a las alumnas y les ped\u00eda dinero a los alumnos, estamos siendo amenazados como familia y vulnerados en nuestro derecho m\u00e1s \u00edntimo como familia y padres de un peque\u00f1o a quien m\u00e1s que a nadie da\u00f1an con calumnias\u201d.<br><\/p>\n\n\n\n<p>De acuerdo con Laura P\u00e9rez, su familia se ha caracterizado por ser respetuosa en la comunidad, mientras que su esposo se ha conducido con responsabilidad al interior del centro escolar donde derivado de una serie de acusaciones separ\u00f3 del cargo a un docente por hacerle da\u00f1o a las y los estudiantes.<br><\/p>\n\n\n\n<p>Por lo anterior, alert\u00f3 a la poblaci\u00f3n a no dejarse enga\u00f1ar con un video que fue tomado hace cuatro a\u00f1os y cuya difusi\u00f3n incurre en el delito contra la intimidad sexual raz\u00f3n por la que interpondr\u00e1n acciones penales al respecto. <br><\/p>\n\n\n\n<p>\u201cSomos ambos a quienes en alg\u00fan momento vulneraron y grabaron mediante un video que sali\u00f3 hace cuatro a\u00f1os, y que mediante la \u2018Ley Olimpia\u2019 constituye un delito penal para quien comparta y difame sobre todo trat\u00e1ndose de una familia y sobre todo de un funcionario que s\u00f3lo a brindado respeto, atenci\u00f3n y resultados a sus alumnos\u201d, dijo.<\/p>\n\n\n\n<p>El director del plantel en Ciudad Ixtepec separ\u00f3 a un profesor acusado por alumnas de acoso sexual, por lo cual su familia ha sido v\u00edctima de ataques. <br><\/p>\n\n\n\n<p>M\u00c1S DENUNCIAS<br>Mientras tanto y pese <a href=\"\/\/3\">a las <\/a>17 separaciones de docentes en su cargo que ha anunciado el titular del Cobao, Rodrigo Gonz\u00e1lez Ilescas, las denuncias siguen, prueba de ello es que durante la marcha del domingo 8 de marzo decenas de j\u00f3venes de la instituci\u00f3n se dieron cita para hacer evidente su hartazgo ante la violencia y exigir acciones contundentes para garantizar una instituci\u00f3n libre de acoso y hostigamiento sexual. <br><\/p>\n\n\n\n<p>En tanto, en Putla Villa de Guerrero, este martes los estudiantes pararon labores en demanda de separaci\u00f3n del cargo del director. Ayer denunciaron con una marcha al menos cuatro casos de acoso sexual por parte de igual numero de colaboradores. <\/p>\n","protected":false},"excerpt":{"rendered":"<p>Evlin Aragon\/Zona Roja. Oaxaca de Ju\u00e1rez, Oax., 10 de marzo de 2020.- Las recientes denuncias&hellip;<\/p>\n","protected":false},"author":2,"featured_media":9700,"comment_status":"closed","ping_status":"open","sticky":false,"template":"","format":"standard","meta":{"_lmt_disableupdate":"","_lmt_disable":"","_jetpack_memberships_contains_paid_content":false,"footnotes":""},"categories":[109,47],"tags":[1453],"class_list":["post-9701","post","type-post","status-publish","format-standard","has-post-thumbnail","hentry","category-minuto-a-minuto","category-zona-gris","tag-acoso-sexual-cobao-oaxaca"],"jetpack_featured_media_url":"https:\/\/zonaroja.com.mx\/wp-content\/uploads\/2020\/03\/2464a254-d74a-47f1-884b-9f3f90bd7b6b.jpg","jetpack_sharing_enabled":true,"_links":{"self":[{"href":"https:\/\/zonaroja.com.mx\/index.php?rest_route=\/wp\/v2\/posts\/9701","targetHints":{"allow":["GET"]}}],"collection":[{"href":"https:\/\/zonaroja.com.mx\/index.php?rest_route=\/wp\/v2\/posts"}],"about":[{"href":"https:\/\/zonaroja.com.mx\/index.php?rest_route=\/wp\/v2\/types\/post"}],"author":[{"embeddable":true,"href":"https:\/\/zonaroja.com.mx\/index.php?rest_route=\/wp\/v2\/users\/2"}],"replies":[{"embeddable":true,"href":"https:\/\/zonaroja.com.mx\/index.php?rest_route=%2Fwp%2Fv2%2Fcomments&post=9701"}],"version-history":[{"count":1,"href":"https:\/\/zonaroja.com.mx\/index.php?rest_route=\/wp\/v2\/posts\/9701\/revisions"}],"predecessor-version":[{"id":9702,"href":"https:\/\/zonaroja.com.mx\/index.php?rest_route=\/wp\/v2\/posts\/9701\/revisions\/9702"}],"wp:featuredmedia":[{"embeddable":true,"href":"https:\/\/zonaroja.com.mx\/index.php?rest_route=\/wp\/v2\/media\/9700"}],"wp:attachment":[{"href":"https:\/\/zonaroja.com.mx\/index.php?rest_route=%2Fwp%2Fv2%2Fmedia&parent=9701"}],"wp:term":[{"taxonomy":"category","embeddable":true,"href":"https:\/\/zonaroja.com.mx\/index.php?rest_route=%2Fwp%2Fv2%2Fcategories&post=9701"},{"taxonomy":"post_tag","embeddable":true,"href":"https:\/\/zonaroja.com.mx\/index.php?rest_route=%2Fwp%2Fv2%2Ftags&post=9701"}],"curies":[{"name":"wp","href":"https:\/\/api.w.org\/{rel}","templated":true}]}}