{"id":9703,"date":"2020-03-10T18:14:58","date_gmt":"2020-03-11T00:14:58","guid":{"rendered":"http:\/\/www.zonaroja.com.mx\/?p=9703"},"modified":"2020-03-10T18:29:10","modified_gmt":"2020-03-11T00:29:10","slug":"desecha-fiscal-de-oaxaca-creacion-de-fiscalia-especializada-de-feminicidios","status":"publish","type":"post","link":"https:\/\/zonaroja.com.mx\/?p=9703","title":{"rendered":"Desecha fiscal de Oaxaca creaci\u00f3n de Fiscal\u00eda Especializada de Feminicidios"},"content":{"rendered":"\n<p>Yuridiana\nSosa\/Zona Roja.<\/p>\n\n\n\n<p>San Juan\nBautista Tuxtepec, Oax., 10 de marzo de 2020.- El fiscal general de Oaxaca,\nRub\u00e9n Vasconcelos M\u00e9ndez, descart\u00f3 el exhorto que la 64 Legislatura del estado\nle realiz\u00f3 en enero sobre la creaci\u00f3n de una fiscal\u00eda especializada para el\nfeminicidio, ante al alto n\u00famero de asesinatos de mujeres.<\/p>\n\n\n\n<p>En su\ngira de trabajo por la regi\u00f3n de la Cuenca, donde anunci\u00f3 ajustes en la\nplantilla operativa de investigaci\u00f3n y ministerios p\u00fablicos de la Fiscal\u00eda,\nVasconcelos M\u00e9ndez se\u00f1al\u00f3 el desconocimiento de los legisladores sobre la\nestructura de la instituci\u00f3n, por lo que dijo les har\u00e1 llegar esta informaci\u00f3n.<\/p>\n\n\n\n<p>Con una\ncifra de cerca de m\u00e1s de 400 feminicidios en la entidad, en m\u00e1s de tres a\u00f1os\ndel gobierno de Alejandro Murat, a finales de enero los diputados aprobaron la\npropuesta promovida por las diputadas Delfina Elizabeth Guzm\u00e1n D\u00edaz e Hilda\nGraciela P\u00e9rez Luis.<\/p>\n\n\n\n<p>El Congreso de Oaxaca consider\u00f3 que la Fiscal\u00eda Especializada para la Atenci\u00f3n de Delitos contra la Mujer por Raz\u00f3n de G\u00e9nero realiza un deficiente trabajo para la resoluci\u00f3n de los casos.\u00a0  <\/p>\n\n\n\n<p><div class=\"twitter-tweet\"><blockquote class=\"twitter-tweet\" data-lang=\"es\"><p lang=\"es\" dir=\"ltr\"><a href=\"https:\/\/twitter.com\/hashtag\/OaxacaGris?src=hash&amp;ref_src=twsrc%5Etfw\">#OaxacaGris<\/a><br>Los diputados del <a href=\"https:\/\/twitter.com\/CongresoOaxLXIV?ref_src=twsrc%5Etfw\">@CongresoOaxLXIV<\/a> est\u00e1n desinformaros, por demandar una fiscal\u00eda especializada en feminicidios, consider\u00f3 el titular de <a href=\"https:\/\/twitter.com\/FISCALIA_GobOax?ref_src=twsrc%5Etfw\">@FISCALIA_GobOax<\/a>, <a href=\"https:\/\/twitter.com\/RVasconcelosM?ref_src=twsrc%5Etfw\">@RVasconcelosM<\/a>, durante una gira de trabajo por <a href=\"https:\/\/twitter.com\/hashtag\/Tuxtepec?src=hash&amp;ref_src=twsrc%5Etfw\">#Tuxtepec<\/a>.<a href=\"https:\/\/twitter.com\/consorciooaxaca?ref_src=twsrc%5Etfw\">@consorciooaxaca<\/a> <a href=\"https:\/\/twitter.com\/HoracioSosaOax?ref_src=twsrc%5Etfw\">@HoracioSosaOax<\/a> <br>Video: <a href=\"https:\/\/twitter.com\/YuriSosa04?ref_src=twsrc%5Etfw\">@YuriSosa04<\/a> <a href=\"https:\/\/t.co\/2NOBFsBkhw\">pic.twitter.com\/2NOBFsBkhw<\/a><\/p>&mdash; Zona Roja Oaxaca (@MexRoja) <a href=\"https:\/\/twitter.com\/MexRoja\/status\/1237483868518785027?ref_src=twsrc%5Etfw\">10 de marzo de 2020<\/a><\/blockquote><\/div> <\/p>\n\n\n\n<p>Pero el fiscal Rub\u00e9n Vasconcelos insisti\u00f3 que para la investigaci\u00f3n de feminicidios la FGO ya cuenta con una Unidad de G\u00e9nero, en la cual se atienden los delitos de delitos sexuales contra las mujeres y los menores de edad; misma que existe en todas las regiones del estado a trav\u00e9s de las vicefiscal\u00edas.<\/p>\n\n\n\n<p>\u201cYo respeto mucho a los diputados, pero creo que tambi\u00e9n tienen que tener m\u00e1s informaci\u00f3n, ya se las vamos a entregar, para que vean que hay muchos resultados; segundo que s\u00ed tenemos una Unidad Especializada. Creo que le hace falta informaci\u00f3n a algunos diputados, ya se los estamos transmitiendo\u201d, dijo.<\/p>\n\n\n\n<p>Presumi\u00f3\nque en el \u00faltimo mes se han detenido a seis feminicidas y presuntos homicidas\nde mujeres, as\u00ed como que el 82 por ciento de los feminicidios ocurridos en el\n2018 ya se resolvieron y cerca de un 60 por ciento de los ocurridos en el a\u00f1o\n2019.<\/p>\n","protected":false},"excerpt":{"rendered":"<p>Yuridiana Sosa\/Zona Roja. San Juan Bautista Tuxtepec, Oax., 10 de marzo de 2020.- El fiscal&hellip;<\/p>\n","protected":false},"author":2,"featured_media":9705,"comment_status":"closed","ping_status":"open","sticky":false,"template":"","format":"standard","meta":{"_lmt_disableupdate":"","_lmt_disable":"","_jetpack_memberships_contains_paid_content":false,"footnotes":""},"categories":[109,47],"tags":[494],"class_list":["post-9703","post","type-post","status-publish","format-standard","has-post-thumbnail","hentry","category-minuto-a-minuto","category-zona-gris","tag-fiscalia-general-del-estado-de-oaxaca"],"jetpack_featured_media_url":"https:\/\/zonaroja.com.mx\/wp-content\/uploads\/2020\/03\/54ebbc7e-9037-4327-a438-3c153c9cac89.jpg","jetpack_sharing_enabled":true,"_links":{"self":[{"href":"https:\/\/zonaroja.com.mx\/index.php?rest_route=\/wp\/v2\/posts\/9703","targetHints":{"allow":["GET"]}}],"collection":[{"href":"https:\/\/zonaroja.com.mx\/index.php?rest_route=\/wp\/v2\/posts"}],"about":[{"href":"https:\/\/zonaroja.com.mx\/index.php?rest_route=\/wp\/v2\/types\/post"}],"author":[{"embeddable":true,"href":"https:\/\/zonaroja.com.mx\/index.php?rest_route=\/wp\/v2\/users\/2"}],"replies":[{"embeddable":true,"href":"https:\/\/zonaroja.com.mx\/index.php?rest_route=%2Fwp%2Fv2%2Fcomments&post=9703"}],"version-history":[{"count":2,"href":"https:\/\/zonaroja.com.mx\/index.php?rest_route=\/wp\/v2\/posts\/9703\/revisions"}],"predecessor-version":[{"id":9706,"href":"https:\/\/zonaroja.com.mx\/index.php?rest_route=\/wp\/v2\/posts\/9703\/revisions\/9706"}],"wp:featuredmedia":[{"embeddable":true,"href":"https:\/\/zonaroja.com.mx\/index.php?rest_route=\/wp\/v2\/media\/9705"}],"wp:attachment":[{"href":"https:\/\/zonaroja.com.mx\/index.php?rest_route=%2Fwp%2Fv2%2Fmedia&parent=9703"}],"wp:term":[{"taxonomy":"category","embeddable":true,"href":"https:\/\/zonaroja.com.mx\/index.php?rest_route=%2Fwp%2Fv2%2Fcategories&post=9703"},{"taxonomy":"post_tag","embeddable":true,"href":"https:\/\/zonaroja.com.mx\/index.php?rest_route=%2Fwp%2Fv2%2Ftags&post=9703"}],"curies":[{"name":"wp","href":"https:\/\/api.w.org\/{rel}","templated":true}]}}