{"id":9707,"date":"2020-03-10T18:56:20","date_gmt":"2020-03-11T00:56:20","guid":{"rendered":"http:\/\/www.zonaroja.com.mx\/?p=9707"},"modified":"2020-03-10T18:57:17","modified_gmt":"2020-03-11T00:57:17","slug":"separa-defensoria-de-derechos-a-tres-funcionarios-por-mofa-de-genero","status":"publish","type":"post","link":"https:\/\/zonaroja.com.mx\/?p=9707","title":{"rendered":"Separa Defensor\u00eda de Derechos a tres funcionarios por mofa de g\u00e9nero"},"content":{"rendered":"\n<p>Redacci\u00f3n\/Zona\nRoja.<\/p>\n\n\n\n<p>Oaxaca de\nJu\u00e1rez, Oax., 10 de marzo de 2020.- Por publicar en la red social Facebook una\nfotograf\u00eda en que presuntamente promueven estereotipos de g\u00e9nero, lo que fue\ninterpretado por feministas como mofa, la Defensor\u00eda de los Derechos Humanos\ndel Pueblo de Oaxaca (DDHPO) separ\u00f3 del cargo a tres de sus colaboradores.<\/p>\n\n\n\n<p>En un\ncomunicado, el organismo inform\u00f3 que se trata de una cuenta no oficial de la\ninstituci\u00f3n en que se dio difusi\u00f3n a una fotograf\u00eda con el texto: \u201cSororidad.\nUn d\u00eda sin mujeres en la CGFCDH\u201d; uno de los tres varones porta un trapeador en\nuna mano.<\/p>\n\n\n\n<p>Reiter\u00f3 que\nno tolerar\u00e1 ning\u00fan tipo de acto que contribuya a la violencia de g\u00e9nero contra\nlas mujeres, adem\u00e1s de refrendar su compromiso por la defensa de los derechos\nde las mujeres, as\u00ed como el respeto por las acciones y manifestaciones que\nrealizan contra la desigualdad hist\u00f3rica que han padecido.<\/p>\n\n\n\n<p>\u201cLa DDHPO\nha respaldado y acompa\u00f1ado a las mujeres oaxaque\u00f1as en causas como el derecho a\ndecidir sobre sus cuerpos, la exigencia de cese a la violencia y al acoso\nescolar, el alto a la violencia pol\u00edtica y a los feminicidios, as\u00ed como la\ndefensa de otros derechos.<\/p>\n\n\n\n<p>\u201cManifiesta\nque los estereotipos de g\u00e9nero que implican opiniones o prejuicios sobre\nsupuestos atributos o caracter\u00edsticas y funciones sociales que hombres y\nmujeres poseen o deber\u00edan poseer, contribuyen a la violencia contra las mujeres\u201d,\nexpuso.<\/p>\n\n\n\n<p>A\u00f1adi\u00f3\nque, ante ello, rechaza que sus colaboradores contribuyan a fomentar este tipo\nde prejuicios, debido a que es deber de la instituci\u00f3n salvaguardar los\nderechos de las mujeres, por lo que se tom\u00f3 la decisi\u00f3n de separar del cargo a\ntres servidores p\u00fablicos de la instituci\u00f3n.<\/p>\n\n\n\n<p>No dio a\nconocer los nombres de los sancionados, aunque de acuerdo con la fotograf\u00eda,\nuno de ellos es Jorge Sosa.<\/p>\n","protected":false},"excerpt":{"rendered":"<p>Redacci\u00f3n\/Zona Roja. Oaxaca de Ju\u00e1rez, Oax., 10 de marzo de 2020.- Por publicar en la&hellip;<\/p>\n","protected":false},"author":2,"featured_media":9709,"comment_status":"closed","ping_status":"open","sticky":false,"template":"","format":"standard","meta":{"_lmt_disableupdate":"","_lmt_disable":"","_jetpack_memberships_contains_paid_content":false,"footnotes":""},"categories":[109,47],"tags":[286],"class_list":["post-9707","post","type-post","status-publish","format-standard","has-post-thumbnail","hentry","category-minuto-a-minuto","category-zona-gris","tag-defensoria-de-los-derechos-humanos-del-pueblo-de-oaxaca"],"jetpack_featured_media_url":"https:\/\/zonaroja.com.mx\/wp-content\/uploads\/2020\/03\/img_8798.jpg","jetpack_sharing_enabled":true,"_links":{"self":[{"href":"https:\/\/zonaroja.com.mx\/index.php?rest_route=\/wp\/v2\/posts\/9707","targetHints":{"allow":["GET"]}}],"collection":[{"href":"https:\/\/zonaroja.com.mx\/index.php?rest_route=\/wp\/v2\/posts"}],"about":[{"href":"https:\/\/zonaroja.com.mx\/index.php?rest_route=\/wp\/v2\/types\/post"}],"author":[{"embeddable":true,"href":"https:\/\/zonaroja.com.mx\/index.php?rest_route=\/wp\/v2\/users\/2"}],"replies":[{"embeddable":true,"href":"https:\/\/zonaroja.com.mx\/index.php?rest_route=%2Fwp%2Fv2%2Fcomments&post=9707"}],"version-history":[{"count":1,"href":"https:\/\/zonaroja.com.mx\/index.php?rest_route=\/wp\/v2\/posts\/9707\/revisions"}],"predecessor-version":[{"id":9708,"href":"https:\/\/zonaroja.com.mx\/index.php?rest_route=\/wp\/v2\/posts\/9707\/revisions\/9708"}],"wp:featuredmedia":[{"embeddable":true,"href":"https:\/\/zonaroja.com.mx\/index.php?rest_route=\/wp\/v2\/media\/9709"}],"wp:attachment":[{"href":"https:\/\/zonaroja.com.mx\/index.php?rest_route=%2Fwp%2Fv2%2Fmedia&parent=9707"}],"wp:term":[{"taxonomy":"category","embeddable":true,"href":"https:\/\/zonaroja.com.mx\/index.php?rest_route=%2Fwp%2Fv2%2Fcategories&post=9707"},{"taxonomy":"post_tag","embeddable":true,"href":"https:\/\/zonaroja.com.mx\/index.php?rest_route=%2Fwp%2Fv2%2Ftags&post=9707"}],"curies":[{"name":"wp","href":"https:\/\/api.w.org\/{rel}","templated":true}]}}