{"id":9710,"date":"2020-03-10T20:47:55","date_gmt":"2020-03-11T02:47:55","guid":{"rendered":"http:\/\/www.zonaroja.com.mx\/?p=9710"},"modified":"2020-03-10T21:49:07","modified_gmt":"2020-03-11T03:49:07","slug":"a-6-meses-de-su-ataque-con-acido-maria-elene-vuelve-a-tocar-el-saxofon","status":"publish","type":"post","link":"https:\/\/zonaroja.com.mx\/?p=9710","title":{"rendered":"A 6 meses de su ataque con \u00e1cido, Mar\u00eda Elena vuelve a tocar el saxof\u00f3n"},"content":{"rendered":"\n<p>Yuridiana\nSosa\/Zona Roja.<\/p>\n\n\n\n<p>Oaxaca de\nJu\u00e1rez, Oax., 10 de marzo de 2020.- La m\u00fasica la mantiene de pie. Tocar su\nsaxof\u00f3n es una motivaci\u00f3n de vida. Pensar en que no podr\u00eda volver hacerlo la\nmataba, confiesa Mar\u00eda Elena R\u00edos.<\/p>\n\n\n\n<p>A seis\nmeses de su ataque con \u00e1cido, Malena se reencontr\u00f3 con su m\u00fasica y lo realiz\u00f3\ndesde un espacio nacional a trav\u00e9s del noticiero Al Aire, de Televisa.<\/p>\n\n\n\n<p>La\ncantante Ximena Sari\u00f1ana la recibi\u00f3 en el escenario para juntas interpretar \u201cLa\nLlorona\u201d; la oaxaque\u00f1a toc\u00f3 el saxof\u00f3n de espalda a la c\u00e1mara, mientras que las\npresentadoras la observaban de frente.<\/p>\n\n\n\n<p>Mar\u00eda Elena venci\u00f3 el miedo de que sus heridas en la boca no la dejaran sonar el saxof\u00f3n, su m\u00e1s fiel acompa\u00f1ante, a quien hace algunos meses no hab\u00eda sacado de su estuche desde la agresi\u00f3n, y el que no pod\u00eda ni sostener.<\/p>\n\n\n\n<figure class=\"wp-block-embed-twitter wp-block-embed is-type-rich is-provider-twitter\"><div class=\"wp-block-embed__wrapper\">\n<div class=\"twitter-tweet\"><blockquote class=\"twitter-tweet\" data-lang=\"es\"><p lang=\"es\" dir=\"ltr\">Nabaninu \/ estamos vivas <a href=\"https:\/\/t.co\/4t9vBzwvgZ\">https:\/\/t.co\/4t9vBzwvgZ<\/a><\/p>&mdash; Irma Pineda (@IrmaYodo) <a href=\"https:\/\/twitter.com\/IrmaYodo\/status\/1237438436761632769?ref_src=twsrc%5Etfw\">10 de marzo de 2020<\/a><\/blockquote><\/div>\n<\/div><\/figure>\n\n\n\n<p>PERSISTE\nIMPUNIDAD<\/p>\n\n\n\n<p>Minutos\nantes, la saxofonista insisti\u00f3 en la impunidad de justicia por parte de la\nFiscal\u00eda General de Oaxaca, quien fue pasiva para detener al autor intelectual\nde su ataque, Jos\u00e9 Antonio Vera Carrizal, contra quien exist\u00edan pruebas\nsuficientes para detenerlo.<\/p>\n\n\n\n<p>A\u00fan as\u00ed,\nbajo un escenario que pinta lenta la justicia, Malena no pierde la esperanza de\nque pronto sea detenido Vera Carrizal y el resto de los implicados en este acto\nde odio en su contra.<\/p>\n\n\n\n<p>Recalc\u00f3\nque otro de las omisiones es que su mam\u00e1 no es considerada una v\u00edctima directa\nde la agresi\u00f3n cuando ella tambi\u00e9n tiene quemaduras de \u00e1cido recibidas al\ntratar de protegerla y ayudarla.<\/p>\n\n\n\n<p>HERIDAS\nABIERTAS<\/p>\n\n\n\n<p>La recuperaci\u00f3n es lenta y dolorosa. Algunos d\u00edas las cicatrices son un calvario del que intenta sobrevivir.<\/p>\n\n\n\n<figure class=\"wp-block-embed-twitter wp-block-embed is-type-rich is-provider-twitter\"><div class=\"wp-block-embed__wrapper\">\n<div class=\"twitter-tweet\"><blockquote class=\"twitter-tweet\" data-lang=\"es\"><p lang=\"es\" dir=\"ltr\"><a href=\"https:\/\/twitter.com\/hashtag\/JusticiaParaMariaElena?src=hash&amp;ref_src=twsrc%5Etfw\">#JusticiaParaMariaElena<\/a> <br>-En la <a href=\"https:\/\/twitter.com\/FISCALIA_GobOax?ref_src=twsrc%5Etfw\">@FISCALIA_GobOax<\/a> nada m\u00e1s no avanza el caso.<br>-Creo que existe suficiente informaci\u00f3n para poder detener a la persona pero no entiendo por qu\u00e9 no lo hicieron. -Mar\u00eda Elena en Televisa.<a href=\"https:\/\/twitter.com\/julioastillero?ref_src=twsrc%5Etfw\">@julioastillero<\/a> <a href=\"https:\/\/twitter.com\/yasnayae?ref_src=twsrc%5Etfw\">@yasnayae<\/a> <a href=\"https:\/\/twitter.com\/IrmaYodo?ref_src=twsrc%5Etfw\">@IrmaYodo<\/a> <a href=\"https:\/\/twitter.com\/ELPINERO?ref_src=twsrc%5Etfw\">@ELPINERO<\/a> <a href=\"https:\/\/twitter.com\/Fridaguerrera?ref_src=twsrc%5Etfw\">@Fridaguerrera<\/a> <a href=\"https:\/\/t.co\/htZIhBqw1H\">pic.twitter.com\/htZIhBqw1H<\/a><\/p>&mdash; Zona Roja Oaxaca (@MexRoja) <a href=\"https:\/\/twitter.com\/MexRoja\/status\/1237522179744395266?ref_src=twsrc%5Etfw\">10 de marzo de 2020<\/a><\/blockquote><\/div>\n<\/div><\/figure>\n\n\n\n<p>Otros\nd\u00edas la desesperaci\u00f3n se apodera de ella con solo pensar que son entre cinco y\nseis a\u00f1os los que se requieren para volver a tener una apariencia lo m\u00e1s\nsemejante a lo que era su rostro.<\/p>\n\n\n\n<p>Con dolor\nen el alma, la joven detall\u00f3 que a veces sus cicatrices se vuelven espinas y\ntoda la piel da\u00f1ada se contrae. Sensaci\u00f3n que de alguna forma su madre tambi\u00e9n\nlo vive.<\/p>\n\n\n\n<p>\u201cEstamos\nconectadas baja esta situaci\u00f3n dolorosa. Me hubiera gustado que fuera bajo una\ncircunstancia que fuera alegr\u00eda y no dolor\u201d, dijo con la voz quebrantada.<\/p>\n\n\n\n<p>Mar\u00eda\nElena volvi\u00f3 a ser ejemplo de la lucha que emprenden las mujeres en M\u00e9xico para\nsalir de una situaci\u00f3n de violencia en la que tambi\u00e9n son afectadas sus\nfamilias y agradeci\u00f3 a todas las personas que le han brindado su apoyo, porque\ntambi\u00e9n son un motivo para que siga adelante con su vida.<\/p>\n","protected":false},"excerpt":{"rendered":"<p>Yuridiana Sosa\/Zona Roja. Oaxaca de Ju\u00e1rez, Oax., 10 de marzo de 2020.- La m\u00fasica la&hellip;<\/p>\n","protected":false},"author":2,"featured_media":9713,"comment_status":"closed","ping_status":"open","sticky":false,"template":"","format":"standard","meta":{"_lmt_disableupdate":"","_lmt_disable":"","_jetpack_memberships_contains_paid_content":false,"footnotes":""},"categories":[109,47],"tags":[1124],"class_list":["post-9710","post","type-post","status-publish","format-standard","has-post-thumbnail","hentry","category-minuto-a-minuto","category-zona-gris","tag-maria-elena-rios-ortiz"],"jetpack_featured_media_url":"https:\/\/zonaroja.com.mx\/wp-content\/uploads\/2020\/03\/img_8838.jpg","jetpack_sharing_enabled":true,"_links":{"self":[{"href":"https:\/\/zonaroja.com.mx\/index.php?rest_route=\/wp\/v2\/posts\/9710","targetHints":{"allow":["GET"]}}],"collection":[{"href":"https:\/\/zonaroja.com.mx\/index.php?rest_route=\/wp\/v2\/posts"}],"about":[{"href":"https:\/\/zonaroja.com.mx\/index.php?rest_route=\/wp\/v2\/types\/post"}],"author":[{"embeddable":true,"href":"https:\/\/zonaroja.com.mx\/index.php?rest_route=\/wp\/v2\/users\/2"}],"replies":[{"embeddable":true,"href":"https:\/\/zonaroja.com.mx\/index.php?rest_route=%2Fwp%2Fv2%2Fcomments&post=9710"}],"version-history":[{"count":2,"href":"https:\/\/zonaroja.com.mx\/index.php?rest_route=\/wp\/v2\/posts\/9710\/revisions"}],"predecessor-version":[{"id":9722,"href":"https:\/\/zonaroja.com.mx\/index.php?rest_route=\/wp\/v2\/posts\/9710\/revisions\/9722"}],"wp:featuredmedia":[{"embeddable":true,"href":"https:\/\/zonaroja.com.mx\/index.php?rest_route=\/wp\/v2\/media\/9713"}],"wp:attachment":[{"href":"https:\/\/zonaroja.com.mx\/index.php?rest_route=%2Fwp%2Fv2%2Fmedia&parent=9710"}],"wp:term":[{"taxonomy":"category","embeddable":true,"href":"https:\/\/zonaroja.com.mx\/index.php?rest_route=%2Fwp%2Fv2%2Fcategories&post=9710"},{"taxonomy":"post_tag","embeddable":true,"href":"https:\/\/zonaroja.com.mx\/index.php?rest_route=%2Fwp%2Fv2%2Ftags&post=9710"}],"curies":[{"name":"wp","href":"https:\/\/api.w.org\/{rel}","templated":true}]}}